{"id":1434,"date":"2016-05-21T15:23:02","date_gmt":"2016-05-21T14:23:02","guid":{"rendered":"http:\/\/ostrowska.tv\/?p=1434"},"modified":"2016-05-21T15:23:02","modified_gmt":"2016-05-21T14:23:02","slug":"wzruszajacy-moment-bliscy-zlozyli-kwiaty-pod-tablica-rifa-foto","status":"publish","type":"post","link":"https:\/\/ostrowskatv.pl\/?p=1434","title":{"rendered":"Wzruszaj\u0105cy moment. Bliscy z\u0142o\u017cyli kwiaty pod tablic\u0105 Rifa (foto)"},"content":{"rendered":"<p><strong><br \/>\nNa sobot\u0119 zaplanowany zosta\u0142 Memoria\u0142 Rifa Saitgariejewa. Przed rozpocz\u0119ciem imprezy rodzina zawodnika wraz z zarz\u0105dem T\u017b Ostrovia z\u0142o\u017cy\u0142a kwiaty pod tablic\u0105 upami\u0119tniaj\u0105c\u0105 legendarnego rosyjskiego \u017cu\u017clowca.<\/strong><\/p>\n<p>Przypomnijmy, \u017ce \u017cona Rifa, jedna z jego z c\u00f3rek i wnuczek pojawili si\u0119 w Ostrowie Wielkopolskim ju\u017c w pi\u0105tek. To efekt stara\u0144 zarz\u0105du T\u017b Ostrovia na czele z prezesem Rados\u0142awem Strzelczykiem. Bliscy rosyjskiego \u017cu\u017clowca byli bardzo wdzi\u0119czni dzia\u0142aczom i kibicom za zaproszenie i pami\u0119\u0107 o Rifie przez 20 lat.<\/p>\n<p>Jednym z bardziej wzruszaj\u0105cych moment\u00f3w podczas ich wizyty by\u0142o z\u0142o\u017cenie kwiat\u00f3w pod tablic\u0105 upami\u0119tniaj\u0105c\u0105 zawodnika, kt\u00f3ra jest wmurowana w trybun\u0119 g\u0142\u00f3wn\u0105 Stadionu Miejskiego w Ostrowie Wielkopolskim. Poni\u017cej relacja wideo z tego wydarzenia.<\/p>\n<div id='gallery-1' class='gallery galleryid-1434 gallery-columns-3 gallery-size-thumbnail'><figure class='gallery-item'>\n\t\t\t<div class='gallery-icon landscape'>\n\t\t\t\t<a href='https:\/\/ostrowskatv.pl\/?attachment_id=1437'><img loading=\"lazy\" decoding=\"async\" width=\"150\" height=\"150\" src=\"https:\/\/ostrowskatv.pl\/wp-content\/uploads\/2016\/05\/rif-kwiaty-150x150.jpg\" class=\"attachment-thumbnail size-thumbnail\" alt=\"\" \/><\/a>\n\t\t\t<\/div><\/figure><figure class='gallery-item'>\n\t\t\t<div class='gallery-icon landscape'>\n\t\t\t\t<a href='https:\/\/ostrowskatv.pl\/?attachment_id=1436'><img loading=\"lazy\" decoding=\"async\" width=\"150\" height=\"150\" src=\"https:\/\/ostrowskatv.pl\/wp-content\/uploads\/2016\/05\/rif-kwiaty2-150x150.jpg\" class=\"attachment-thumbnail size-thumbnail\" alt=\"\" \/><\/a>\n\t\t\t<\/div><\/figure><figure class='gallery-item'>\n\t\t\t<div class='gallery-icon landscape'>\n\t\t\t\t<a href='https:\/\/ostrowskatv.pl\/?attachment_id=1435'><img loading=\"lazy\" decoding=\"async\" width=\"150\" height=\"150\" src=\"https:\/\/ostrowskatv.pl\/wp-content\/uploads\/2016\/05\/rif-kwiaty3-150x150.jpg\" class=\"attachment-thumbnail size-thumbnail\" alt=\"\" \/><\/a>\n\t\t\t<\/div><\/figure>\n\t\t<\/div>\n\n","protected":false},"excerpt":{"rendered":"Na sobot\u0119 zaplanowany zosta\u0142 Memoria\u0142 Rifa Saitgariejewa. Przed rozpocz\u0119ciem imprezy rodzina zawodnika wraz z zarz\u0105dem T\u017b Ostrovia z\u0142o\u017cy\u0142a kwiaty pod tablic\u0105 upami\u0119tniaj\u0105c\u0105 legendarnego \n<a class=\"moretag\" href=\"https:\/\/ostrowskatv.pl\/?p=1434\"> [...]<\/a>","protected":false},"author":1,"featured_media":1437,"comment_status":"open","ping_status":"open","sticky":false,"template":"","format":"standard","meta":{"footnotes":""},"categories":[1],"tags":[2],"class_list":["post-1434","post","type-post","status-publish","format-standard","has-post-thumbnail","hentry","category-news","tag-ostrow-wielkopolski"],"_links":{"self":[{"href":"https:\/\/ostrowskatv.pl\/index.php?rest_route=\/wp\/v2\/posts\/1434","targetHints":{"allow":["GET"]}}],"collection":[{"href":"https:\/\/ostrowskatv.pl\/index.php?rest_route=\/wp\/v2\/posts"}],"about":[{"href":"https:\/\/ostrowskatv.pl\/index.php?rest_route=\/wp\/v2\/types\/post"}],"author":[{"embeddable":true,"href":"https:\/\/ostrowskatv.pl\/index.php?rest_route=\/wp\/v2\/users\/1"}],"replies":[{"embeddable":true,"href":"https:\/\/ostrowskatv.pl\/index.php?rest_route=%2Fwp%2Fv2%2Fcomments&post=1434"}],"version-history":[{"count":0,"href":"https:\/\/ostrowskatv.pl\/index.php?rest_route=\/wp\/v2\/posts\/1434\/revisions"}],"wp:featuredmedia":[{"embeddable":true,"href":"https:\/\/ostrowskatv.pl\/index.php?rest_route=\/wp\/v2\/media\/1437"}],"wp:attachment":[{"href":"https:\/\/ostrowskatv.pl\/index.php?rest_route=%2Fwp%2Fv2%2Fmedia&parent=1434"}],"wp:term":[{"taxonomy":"category","embeddable":true,"href":"https:\/\/ostrowskatv.pl\/index.php?rest_route=%2Fwp%2Fv2%2Fcategories&post=1434"},{"taxonomy":"post_tag","embeddable":true,"href":"https:\/\/ostrowskatv.pl\/index.php?rest_route=%2Fwp%2Fv2%2Ftags&post=1434"}],"curies":[{"name":"wp","href":"https:\/\/api.w.org\/{rel}","templated":true}]}}