{"id":14339,"date":"2021-03-08T15:23:51","date_gmt":"2021-03-08T14:23:51","guid":{"rendered":"http:\/\/ostrowska.tv\/?p=14339"},"modified":"2021-03-08T15:24:49","modified_gmt":"2021-03-08T14:24:49","slug":"pozar-warsztatu-samochodowego","status":"publish","type":"post","link":"https:\/\/ostrowskatv.pl\/?p=14339","title":{"rendered":"Po\u017car gara\u017cu przy Krotoszy\u0144skiej"},"content":{"rendered":"<p><strong>W poniedzia\u0142ek oko\u0142o godz. 14.30 dosz\u0142o do po\u017caru gara\u017cu przy ulicy Do\u017cynkowej w Ostrowie Wielkopolskim. Ogniem obj\u0119ty by\u0142 budynek przylegaj\u0105cy do dw\u00f3ch dom\u00f3w jednorodzinnych.\u00a0<\/strong><\/p>\n<p>Wewn\u0105trz budynku doszcz\u0119tnie sp\u0142on\u0119\u0142o jedno auto, a jedna z os\u00f3b mia\u0142a lekko przypalone w\u0142osy. Na miejsce wys\u0142ano kilka zast\u0119p\u00f3w stra\u017cy po\u017carnej.<\/p>\n<p>Stra\u017cakom uda\u0142o si\u0119 w ostatniej chwili uchroni\u0107 s\u0105siedni dom przed przeniesieniem si\u0119 p\u0142omieni, a tak\u017ce znajduj\u0105cy si\u0119 obok warsztat samochodowy.<\/p>\n<div id='gallery-1' class='gallery galleryid-14339 gallery-columns-3 gallery-size-thumbnail'><figure class='gallery-item'>\n\t\t\t<div class='gallery-icon landscape'>\n\t\t\t\t<a href='https:\/\/ostrowskatv.pl\/?attachment_id=14342'><img loading=\"lazy\" decoding=\"async\" width=\"150\" height=\"150\" src=\"https:\/\/ostrowskatv.pl\/wp-content\/uploads\/2021\/03\/IMG_20210308_1450362-01-150x150.jpeg\" class=\"attachment-thumbnail size-thumbnail\" alt=\"\" \/><\/a>\n\t\t\t<\/div><\/figure><figure class='gallery-item'>\n\t\t\t<div class='gallery-icon portrait'>\n\t\t\t\t<a href='https:\/\/ostrowskatv.pl\/?attachment_id=14341'><img loading=\"lazy\" decoding=\"async\" width=\"150\" height=\"150\" src=\"https:\/\/ostrowskatv.pl\/wp-content\/uploads\/2021\/03\/received_3898792656808530-01-150x150.jpeg\" class=\"attachment-thumbnail size-thumbnail\" alt=\"\" \/><\/a>\n\t\t\t<\/div><\/figure><figure class='gallery-item'>\n\t\t\t<div class='gallery-icon landscape'>\n\t\t\t\t<a href='https:\/\/ostrowskatv.pl\/?attachment_id=14340'><img loading=\"lazy\" decoding=\"async\" width=\"150\" height=\"150\" src=\"https:\/\/ostrowskatv.pl\/wp-content\/uploads\/2021\/03\/IMG_20210308_145105-01-150x150.jpeg\" class=\"attachment-thumbnail size-thumbnail\" alt=\"\" \/><\/a>\n\t\t\t<\/div><\/figure>\n\t\t<\/div>\n\n","protected":false},"excerpt":{"rendered":"W poniedzia\u0142ek oko\u0142o godz. 14.30 dosz\u0142o do po\u017caru gara\u017cu przy ulicy Do\u017cynkowej w Ostrowie Wielkopolskim. Ogniem obj\u0119ty by\u0142 budynek przylegaj\u0105cy do dw\u00f3ch dom\u00f3w \n<a class=\"moretag\" href=\"https:\/\/ostrowskatv.pl\/?p=14339\"> [...]<\/a>","protected":false},"author":1,"featured_media":14340,"comment_status":"open","ping_status":"closed","sticky":false,"template":"","format":"standard","meta":{"footnotes":""},"categories":[1],"tags":[2],"class_list":["post-14339","post","type-post","status-publish","format-standard","has-post-thumbnail","hentry","category-news","tag-ostrow-wielkopolski"],"_links":{"self":[{"href":"https:\/\/ostrowskatv.pl\/index.php?rest_route=\/wp\/v2\/posts\/14339","targetHints":{"allow":["GET"]}}],"collection":[{"href":"https:\/\/ostrowskatv.pl\/index.php?rest_route=\/wp\/v2\/posts"}],"about":[{"href":"https:\/\/ostrowskatv.pl\/index.php?rest_route=\/wp\/v2\/types\/post"}],"author":[{"embeddable":true,"href":"https:\/\/ostrowskatv.pl\/index.php?rest_route=\/wp\/v2\/users\/1"}],"replies":[{"embeddable":true,"href":"https:\/\/ostrowskatv.pl\/index.php?rest_route=%2Fwp%2Fv2%2Fcomments&post=14339"}],"version-history":[{"count":0,"href":"https:\/\/ostrowskatv.pl\/index.php?rest_route=\/wp\/v2\/posts\/14339\/revisions"}],"wp:featuredmedia":[{"embeddable":true,"href":"https:\/\/ostrowskatv.pl\/index.php?rest_route=\/wp\/v2\/media\/14340"}],"wp:attachment":[{"href":"https:\/\/ostrowskatv.pl\/index.php?rest_route=%2Fwp%2Fv2%2Fmedia&parent=14339"}],"wp:term":[{"taxonomy":"category","embeddable":true,"href":"https:\/\/ostrowskatv.pl\/index.php?rest_route=%2Fwp%2Fv2%2Fcategories&post=14339"},{"taxonomy":"post_tag","embeddable":true,"href":"https:\/\/ostrowskatv.pl\/index.php?rest_route=%2Fwp%2Fv2%2Ftags&post=14339"}],"curies":[{"name":"wp","href":"https:\/\/api.w.org\/{rel}","templated":true}]}}