{"id":1430,"date":"2016-05-20T15:34:16","date_gmt":"2016-05-20T14:34:16","guid":{"rendered":"http:\/\/ostrowska.tv\/?p=1430"},"modified":"2016-05-20T17:59:57","modified_gmt":"2016-05-20T16:59:57","slug":"zona-rifa-juz-w-ostrowie-zobacz-relacje","status":"publish","type":"post","link":"https:\/\/ostrowskatv.pl\/?p=1430","title":{"rendered":"\u017bona Rifa ju\u017c w Ostrowie! Zobacz relacj\u0119!"},"content":{"rendered":"<p>\u017bona Rifa Saitgariejewa przyjecha\u0142a ju\u017c do Ostrowa Wielkopolskiego. W sobot\u0119 zobaczy turniej \u017cu\u017clowy po\u015bwi\u0119cony pami\u0119ci zmar\u0142ego przed 20 laty jej m\u0119\u017ca.<\/p>\n<p>Pomys\u0142 zaproszenia Floridy Saitgariejew wyszed\u0142 od dzia\u0142aczy klubu T\u017b Ostrovia. \u017bona legendarnego \u017cu\u017clowca wraz z jedn\u0105 z c\u00f3rek i wnuczkiem pojawi\u0142a si\u0119 w Ostrowie ju\u017c w pi\u0105tek. Uroczy\u015bcie powita\u0142 j\u0105 prezes Rados\u0142aw Strzelczyk, kt\u00f3ry wr\u0119czy\u0142 kobietom bukiety kwiat\u00f3w, a ch\u0142opcu bardzo urocz\u0105 pluszow\u0105 maskot\u0119.<\/p>\n<p>Rodzina rodzina Rifa zatrzyma\u0142a si\u0119 w jednym z ostrowskich hoteli. W planach ma uczestnictwo nie tylko w zawodach \u017cu\u017clowych, ale tak\u017ce zwiedzanie naszego miasta.<\/p>\n<p>Florida Saitgariejew znalaz\u0142a r\u00f3wnie\u017c czas na udzielenie kr\u00f3tkiego wywiadu, w kt\u00f3rym opowiedzia\u0142a o tragicznym wypadku swojego ukochanego m\u0119\u017ca, a tak\u017ce podzi\u0119kowa\u0142a ostrowskim kibicom za pami\u0119\u0107 o tym wspania\u0142ym \u017cu\u017clowcu.<\/p>\n<p>Obszerna relacja z wizyty znajduje si\u0119 w poni\u017cszym materiale wideo. Warto obejrze\u0107.<\/p>\n<p><iframe loading=\"lazy\" width=\"640\" height=\"480\" src=\"https:\/\/www.youtube.com\/embed\/W7eeFdPC3Pg\" frameborder=\"0\" allowfullscreen><\/iframe><\/p>\n","protected":false},"excerpt":{"rendered":"\u017bona Rifa Saitgariejewa przyjecha\u0142a ju\u017c do Ostrowa Wielkopolskiego. W sobot\u0119 zobaczy turniej \u017cu\u017clowy po\u015bwi\u0119cony pami\u0119ci zmar\u0142ego przed 20 laty jej m\u0119\u017ca. Pomys\u0142 zaproszenia \n<a class=\"moretag\" href=\"https:\/\/ostrowskatv.pl\/?p=1430\"> [...]<\/a>","protected":false},"author":1,"featured_media":1431,"comment_status":"open","ping_status":"open","sticky":false,"template":"","format":"standard","meta":{"footnotes":""},"categories":[1],"tags":[2],"class_list":["post-1430","post","type-post","status-publish","format-standard","has-post-thumbnail","hentry","category-news","tag-ostrow-wielkopolski"],"_links":{"self":[{"href":"https:\/\/ostrowskatv.pl\/index.php?rest_route=\/wp\/v2\/posts\/1430","targetHints":{"allow":["GET"]}}],"collection":[{"href":"https:\/\/ostrowskatv.pl\/index.php?rest_route=\/wp\/v2\/posts"}],"about":[{"href":"https:\/\/ostrowskatv.pl\/index.php?rest_route=\/wp\/v2\/types\/post"}],"author":[{"embeddable":true,"href":"https:\/\/ostrowskatv.pl\/index.php?rest_route=\/wp\/v2\/users\/1"}],"replies":[{"embeddable":true,"href":"https:\/\/ostrowskatv.pl\/index.php?rest_route=%2Fwp%2Fv2%2Fcomments&post=1430"}],"version-history":[{"count":0,"href":"https:\/\/ostrowskatv.pl\/index.php?rest_route=\/wp\/v2\/posts\/1430\/revisions"}],"wp:featuredmedia":[{"embeddable":true,"href":"https:\/\/ostrowskatv.pl\/index.php?rest_route=\/wp\/v2\/media\/1431"}],"wp:attachment":[{"href":"https:\/\/ostrowskatv.pl\/index.php?rest_route=%2Fwp%2Fv2%2Fmedia&parent=1430"}],"wp:term":[{"taxonomy":"category","embeddable":true,"href":"https:\/\/ostrowskatv.pl\/index.php?rest_route=%2Fwp%2Fv2%2Fcategories&post=1430"},{"taxonomy":"post_tag","embeddable":true,"href":"https:\/\/ostrowskatv.pl\/index.php?rest_route=%2Fwp%2Fv2%2Ftags&post=1430"}],"curies":[{"name":"wp","href":"https:\/\/api.w.org\/{rel}","templated":true}]}}