{"id":14298,"date":"2021-03-03T07:51:05","date_gmt":"2021-03-03T06:51:05","guid":{"rendered":"http:\/\/ostrowska.tv\/?p=14298"},"modified":"2021-03-03T07:54:16","modified_gmt":"2021-03-03T06:54:16","slug":"skrajny-idiota-cudem-nikogo-nie-zabil","status":"publish","type":"post","link":"https:\/\/ostrowskatv.pl\/?p=14298","title":{"rendered":"Skrajny idiota cudem nikogo nie zabi\u0142"},"content":{"rendered":"<p><strong>O du\u017cym braku rozs\u0105dku mo\u017cna m\u00f3wi\u0107 w przypadku kierowcy Opla Corsy, kt\u00f3ry w nocy z wtorku na \u015brod\u0119 dwukrotnie spowodowa\u0142 niebezpieczne kolizje. Cudem nikt nie zosta\u0142 poszkodowany poza samym sprawc\u0105.<\/strong><\/p>\n<p>Kierowca Opla najpierw wpad\u0142 w po\u015blizg na wyje\u017adzie z wiaduktu odolanowskiego w stron\u0119 Odolanowa. Zjecha\u0142 na przeciwny pas ruchu i uderzy\u0142 w barier\u0119 energoch\u0142onn\u0105. Stamt\u0105d natychmiast odjecha\u0142 w stron\u0119 Odolanowa. W po\u015bcig za nim uda\u0142 si\u0119 jeden z radiowoz\u00f3w, kt\u00f3rego wys\u0142ano na podstawie relacji \u015bwiadka pierwszej kolizji. Akcja rozpocz\u0119\u0142a si\u0119 oko\u0142o godziny 4 nad ranem.<\/p>\n<p>Druga kolizja mia\u0142a miejsce w Odolanowie, gdzie m\u0119\u017cczyzna zjecha\u0142 z drogi i uderzy\u0142 w zaparkowany na poboczu samoch\u00f3d oraz uszkodzi\u0142 ogrodzenie od pobliskiej posesji. M\u0119\u017cczyzna bezpo\u015brednio po zdarzeniu by\u0142 nieprzytomny, ale oddycha\u0142. By\u0142a wyczuwalna od niego silna wo\u0144 alkoholu. Ustalono, \u017ce jest to obywatel Ukrainy. Na miejsce drugiej kolizji wys\u0142ano stra\u017c po\u017carn\u0105. Karetka odwioz\u0142a go do szpitala.<\/p>\n<div id='gallery-1' class='gallery galleryid-14298 gallery-columns-3 gallery-size-thumbnail'><figure class='gallery-item'>\n\t\t\t<div class='gallery-icon landscape'>\n\t\t\t\t<a href='https:\/\/ostrowskatv.pl\/wp-content\/uploads\/2021\/03\/IMG_20210303_070143-01.jpeg'><img loading=\"lazy\" decoding=\"async\" width=\"150\" height=\"150\" src=\"https:\/\/ostrowskatv.pl\/wp-content\/uploads\/2021\/03\/IMG_20210303_070143-01-150x150.jpeg\" class=\"attachment-thumbnail size-thumbnail\" alt=\"\" \/><\/a>\n\t\t\t<\/div><\/figure><figure class='gallery-item'>\n\t\t\t<div class='gallery-icon landscape'>\n\t\t\t\t<a href='https:\/\/ostrowskatv.pl\/wp-content\/uploads\/2021\/03\/IMG_20210303_070012-01.jpeg'><img loading=\"lazy\" decoding=\"async\" width=\"150\" height=\"150\" src=\"https:\/\/ostrowskatv.pl\/wp-content\/uploads\/2021\/03\/IMG_20210303_070012-01-150x150.jpeg\" class=\"attachment-thumbnail size-thumbnail\" alt=\"\" \/><\/a>\n\t\t\t<\/div><\/figure><figure class='gallery-item'>\n\t\t\t<div class='gallery-icon landscape'>\n\t\t\t\t<a href='https:\/\/ostrowskatv.pl\/wp-content\/uploads\/2021\/03\/odolanow03.jpeg'><img loading=\"lazy\" decoding=\"async\" width=\"150\" height=\"150\" src=\"https:\/\/ostrowskatv.pl\/wp-content\/uploads\/2021\/03\/odolanow03-150x150.jpeg\" class=\"attachment-thumbnail size-thumbnail\" alt=\"\" \/><\/a>\n\t\t\t<\/div><\/figure><figure class='gallery-item'>\n\t\t\t<div class='gallery-icon landscape'>\n\t\t\t\t<a href='https:\/\/ostrowskatv.pl\/wp-content\/uploads\/2021\/03\/odolanow01.jpeg'><img loading=\"lazy\" decoding=\"async\" width=\"150\" height=\"150\" src=\"https:\/\/ostrowskatv.pl\/wp-content\/uploads\/2021\/03\/odolanow01-150x150.jpeg\" class=\"attachment-thumbnail size-thumbnail\" alt=\"\" \/><\/a>\n\t\t\t<\/div><\/figure><figure class='gallery-item'>\n\t\t\t<div class='gallery-icon landscape'>\n\t\t\t\t<a href='https:\/\/ostrowskatv.pl\/wp-content\/uploads\/2021\/03\/odolanow02.jpeg'><img loading=\"lazy\" decoding=\"async\" width=\"150\" height=\"150\" src=\"https:\/\/ostrowskatv.pl\/wp-content\/uploads\/2021\/03\/odolanow02-150x150.jpeg\" class=\"attachment-thumbnail size-thumbnail\" alt=\"\" \/><\/a>\n\t\t\t<\/div><\/figure>\n\t\t<\/div>\n\n","protected":false},"excerpt":{"rendered":"O du\u017cym braku rozs\u0105dku mo\u017cna m\u00f3wi\u0107 w przypadku kierowcy Opla Corsy, kt\u00f3ry w nocy z wtorku na \u015brod\u0119 dwukrotnie spowodowa\u0142 niebezpieczne kolizje. Cudem \n<a class=\"moretag\" href=\"https:\/\/ostrowskatv.pl\/?p=14298\"> [...]<\/a>","protected":false},"author":1,"featured_media":14300,"comment_status":"open","ping_status":"closed","sticky":false,"template":"","format":"standard","meta":{"footnotes":""},"categories":[1],"tags":[4],"class_list":["post-14298","post","type-post","status-publish","format-standard","has-post-thumbnail","hentry","category-news","tag-alkohol"],"_links":{"self":[{"href":"https:\/\/ostrowskatv.pl\/index.php?rest_route=\/wp\/v2\/posts\/14298","targetHints":{"allow":["GET"]}}],"collection":[{"href":"https:\/\/ostrowskatv.pl\/index.php?rest_route=\/wp\/v2\/posts"}],"about":[{"href":"https:\/\/ostrowskatv.pl\/index.php?rest_route=\/wp\/v2\/types\/post"}],"author":[{"embeddable":true,"href":"https:\/\/ostrowskatv.pl\/index.php?rest_route=\/wp\/v2\/users\/1"}],"replies":[{"embeddable":true,"href":"https:\/\/ostrowskatv.pl\/index.php?rest_route=%2Fwp%2Fv2%2Fcomments&post=14298"}],"version-history":[{"count":0,"href":"https:\/\/ostrowskatv.pl\/index.php?rest_route=\/wp\/v2\/posts\/14298\/revisions"}],"wp:featuredmedia":[{"embeddable":true,"href":"https:\/\/ostrowskatv.pl\/index.php?rest_route=\/wp\/v2\/media\/14300"}],"wp:attachment":[{"href":"https:\/\/ostrowskatv.pl\/index.php?rest_route=%2Fwp%2Fv2%2Fmedia&parent=14298"}],"wp:term":[{"taxonomy":"category","embeddable":true,"href":"https:\/\/ostrowskatv.pl\/index.php?rest_route=%2Fwp%2Fv2%2Fcategories&post=14298"},{"taxonomy":"post_tag","embeddable":true,"href":"https:\/\/ostrowskatv.pl\/index.php?rest_route=%2Fwp%2Fv2%2Ftags&post=14298"}],"curies":[{"name":"wp","href":"https:\/\/api.w.org\/{rel}","templated":true}]}}