{"id":14295,"date":"2021-03-02T13:34:25","date_gmt":"2021-03-02T12:34:25","guid":{"rendered":"http:\/\/ostrowska.tv\/?p=14295"},"modified":"2021-03-02T13:34:25","modified_gmt":"2021-03-02T12:34:25","slug":"ksiadz-oskarzony-o-molestowanie-zaskoczyl-wszystkich-w-sadzie","status":"publish","type":"post","link":"https:\/\/ostrowskatv.pl\/?p=14295","title":{"rendered":"Ksi\u0105dz oskar\u017cony o molestowanie zaskoczy\u0142 wszystkich w S\u0105dzie"},"content":{"rendered":"<p><strong>12 lat wi\u0119zienia grozi ksi\u0119dzu Arkadiuszowi H.\u00a0 Duchowny mia\u0142 si\u0119 dopu\u015bci\u0107 kilkunastu przest\u0119pstw o charakterze seksualnym wobec 15-latka. O ksi\u0119dzu mieszkaj\u0105cym w Ostrowie zrobi\u0142o si\u0119 g\u0142o\u015bno za spraw\u0105 dokumentu &#8222;Zabawa w chowanego&#8221; braci Sekielskich.\u00a0<\/strong><\/p>\n<p>Proces ruszy\u0142 przed S\u0105dem Rejonowym w Pleszewie.<\/p>\n<blockquote><p>&#8211; Prokurator zarzuci\u0142 H., \u017ce pomi\u0119dzy wrze\u015bniem 1998 a majem 2000 w Pleszewie z g\u00f3ry powzi\u0119tym zamiarem dopu\u015bci\u0142 si\u0119 co najmniej kilkunastu przest\u0119pstw o charakterze seksualnym na szkod\u0119 15-letniego pokrzywdzonego. W toku post\u0119powania zgromadzono obszerny materia\u0142, pozyskano r\u00f3wnie\u017c opinie bieg\u0142ych \u2013 m\u00f3wi\u0142 prokurator Maciej Meler.<\/p><\/blockquote>\n<p>Arkadiusz H. mia\u0142 skrzywdzi\u0107 jeszcze sze\u015bciu ch\u0142opc\u00f3w, kt\u00f3rzy zg\u0142osili si\u0119 do prokuratury, ale \u2013 jak poinformowa\u0142 prokurator &#8211; wi\u0119kszo\u015b\u0107 z tych spraw si\u0119 przedawni\u0142a i \u015bledztwa zosta\u0142y umorzone.<\/p>\n<p>Dzi\u015b oskar\u017cony pojawi\u0142 si\u0119 na sali rozpraw. Do tej pory nie przyznawa\u0142 si\u0119 do winy. Dzi\u015b zabra\u0142 g\u0142os i zmieni\u0142 zdanie.<\/p>\n<blockquote><p>&#8211; <strong>Zarzut, o kt\u00f3rym tutaj mowa zosta\u0142 przeze mnie pope\u0142niony. (&#8230;) Chc\u0119 z g\u0142\u0119bi serca pokornego bardzo serdecznie przeprosi\u0107. Jeszcze raz powtarzam &#8211; bardzo mocno przeprosi\u0107 pana Bart\u0142omieja, kt\u00f3ry wnosi dzisiaj w swoim oskar\u017ceniu. Mam \u015bwiadomo\u015b\u0107 i poczucie ogromnej szkody, jak\u0105 przez swoj\u0105 s\u0142abo\u015b\u0107 ludzk\u0105, nieudolno\u015b\u0107, grzeszno\u015b\u0107 dokona\u0142em wobec pana Bart\u0142omieja \u2013 powiedzia\u0142 w s\u0105dzie Arkadiusz H.<\/strong><\/p><\/blockquote>\n<p>Oskar\u017cony podkre\u015bli\u0142 te\u017c, \u017ce nigdy nie chcia\u0142 nikomu wyrz\u0105dzi\u0107 krzywdy.<\/p>\n<blockquote><p>&#8211; <strong>Ludzka s\u0142abo\u015b\u0107 spowodowa\u0142a, \u017ce dzisiaj, na podstawie tak\u017ce minionych miesi\u0119cy, wielu przemy\u015ble\u0144, wielu modlitw, przeproszenia w duchu i modlitwy wstawienniczej w intencji osoby pokrzywdzonej, raz jeszcze wyznaj\u0119 ze skruch\u0105 swoj\u0105 win\u0119. I prosz\u0119 pana Bart\u0142omieja B. o wybaczenie moich s\u0142abo\u015bci, moich grzech\u00f3w i wnosz\u0119 o \u0142ask\u0119 takiego braterskiego pojednania \u2013 je\u015bli jest to mo\u017cliwe \u2013 ze strony osoby pokrzywdzonej przeze mnie. Bardzo serdecznie \u017ca\u0142uj\u0119 raz jeszcze. I mam \u015bwiadomo\u015b\u0107, tak wiele z\u0142a swoj\u0105 s\u0142abo\u015bci\u0105, grzeszno\u015bci\u0105 dopu\u015bci\u0142em si\u0119 wobec pana Bart\u0142omieja Pankowiak \u2013 podkre\u015bli\u0142.<\/strong><\/p><\/blockquote>\n<div id='gallery-1' class='gallery galleryid-14295 gallery-columns-3 gallery-size-thumbnail'><figure class='gallery-item'>\n\t\t\t<div class='gallery-icon landscape'>\n\t\t\t\t<a href='https:\/\/ostrowskatv.pl\/?attachment_id=14293'><img loading=\"lazy\" decoding=\"async\" width=\"150\" height=\"150\" src=\"https:\/\/ostrowskatv.pl\/wp-content\/uploads\/2021\/03\/IMG_20210302_111646-01-150x150.jpeg\" class=\"attachment-thumbnail size-thumbnail\" alt=\"\" \/><\/a>\n\t\t\t<\/div><\/figure><figure class='gallery-item'>\n\t\t\t<div class='gallery-icon landscape'>\n\t\t\t\t<a href='https:\/\/ostrowskatv.pl\/?attachment_id=14292'><img loading=\"lazy\" decoding=\"async\" width=\"150\" height=\"150\" src=\"https:\/\/ostrowskatv.pl\/wp-content\/uploads\/2021\/03\/IMG_20210302_111658-01-150x150.jpeg\" class=\"attachment-thumbnail size-thumbnail\" alt=\"\" \/><\/a>\n\t\t\t<\/div><\/figure><figure class='gallery-item'>\n\t\t\t<div class='gallery-icon landscape'>\n\t\t\t\t<a href='https:\/\/ostrowskatv.pl\/?attachment_id=14294'><img loading=\"lazy\" decoding=\"async\" width=\"150\" height=\"150\" src=\"https:\/\/ostrowskatv.pl\/wp-content\/uploads\/2021\/03\/IMG_20210302_111706-01-150x150.jpeg\" class=\"attachment-thumbnail size-thumbnail\" alt=\"\" \/><\/a>\n\t\t\t<\/div><\/figure>\n\t\t<\/div>\n\n","protected":false},"excerpt":{"rendered":"12 lat wi\u0119zienia grozi ksi\u0119dzu Arkadiuszowi H.\u00a0 Duchowny mia\u0142 si\u0119 dopu\u015bci\u0107 kilkunastu przest\u0119pstw o charakterze seksualnym wobec 15-latka. O ksi\u0119dzu mieszkaj\u0105cym w Ostrowie \n<a class=\"moretag\" href=\"https:\/\/ostrowskatv.pl\/?p=14295\"> [...]<\/a>","protected":false},"author":1,"featured_media":14294,"comment_status":"open","ping_status":"closed","sticky":false,"template":"","format":"standard","meta":{"footnotes":""},"categories":[1],"tags":[209],"class_list":["post-14295","post","type-post","status-publish","format-standard","has-post-thumbnail","hentry","category-news","tag-seks"],"_links":{"self":[{"href":"https:\/\/ostrowskatv.pl\/index.php?rest_route=\/wp\/v2\/posts\/14295","targetHints":{"allow":["GET"]}}],"collection":[{"href":"https:\/\/ostrowskatv.pl\/index.php?rest_route=\/wp\/v2\/posts"}],"about":[{"href":"https:\/\/ostrowskatv.pl\/index.php?rest_route=\/wp\/v2\/types\/post"}],"author":[{"embeddable":true,"href":"https:\/\/ostrowskatv.pl\/index.php?rest_route=\/wp\/v2\/users\/1"}],"replies":[{"embeddable":true,"href":"https:\/\/ostrowskatv.pl\/index.php?rest_route=%2Fwp%2Fv2%2Fcomments&post=14295"}],"version-history":[{"count":0,"href":"https:\/\/ostrowskatv.pl\/index.php?rest_route=\/wp\/v2\/posts\/14295\/revisions"}],"wp:featuredmedia":[{"embeddable":true,"href":"https:\/\/ostrowskatv.pl\/index.php?rest_route=\/wp\/v2\/media\/14294"}],"wp:attachment":[{"href":"https:\/\/ostrowskatv.pl\/index.php?rest_route=%2Fwp%2Fv2%2Fmedia&parent=14295"}],"wp:term":[{"taxonomy":"category","embeddable":true,"href":"https:\/\/ostrowskatv.pl\/index.php?rest_route=%2Fwp%2Fv2%2Fcategories&post=14295"},{"taxonomy":"post_tag","embeddable":true,"href":"https:\/\/ostrowskatv.pl\/index.php?rest_route=%2Fwp%2Fv2%2Ftags&post=14295"}],"curies":[{"name":"wp","href":"https:\/\/api.w.org\/{rel}","templated":true}]}}