{"id":14287,"date":"2021-03-01T15:36:29","date_gmt":"2021-03-01T14:36:29","guid":{"rendered":"http:\/\/ostrowska.tv\/?p=14287"},"modified":"2021-03-01T15:36:29","modified_gmt":"2021-03-01T14:36:29","slug":"oblawa-za-kierowca-audi-zatrzymano-3-osoby","status":"publish","type":"post","link":"https:\/\/ostrowskatv.pl\/?p=14287","title":{"rendered":"Ob\u0142awa za kierowc\u0105 Audi. Zatrzymano 3 osoby"},"content":{"rendered":"<p><strong>Policjanci z ostrowskiej drog\u00f3wki postanowili zatrzyma\u0107 do kontroli srebrne Audi jad\u0105ce przez Zacharzew na trasie Ostr\u00f3w Wlkp. &#8211; Krotoszyn. Kierowca nie zatrzyma\u0142 si\u0119 na sygna\u0142 dawany przez policjanta. Samoch\u00f3d oddali\u0142 si\u0119 na pewn\u0105 odleg\u0142o\u015b\u0107.<\/strong><\/p>\n<p>Funkcjonariusze policji pojechali za nim i zobaczyli, \u017ce audi zosta\u0142o zaparkowane na poboczu, a osoby nim podr\u00f3\u017cuj\u0105ce oddali\u0142y si\u0119. Na miejsce wys\u0142ano kilka patroli. W wyniku penetracji zatrzymano 3 osoby. Prawdopodobnie s\u0105 to mieszka\u0144cy powiatu krotoszy\u0144skiego. Trwa ustalanie przyczyn ucieczki.<\/p>\n<div id='gallery-1' class='gallery galleryid-14287 gallery-columns-3 gallery-size-thumbnail'><figure class='gallery-item'>\n\t\t\t<div class='gallery-icon landscape'>\n\t\t\t\t<a href='https:\/\/ostrowskatv.pl\/?attachment_id=14288'><img loading=\"lazy\" decoding=\"async\" width=\"150\" height=\"150\" src=\"https:\/\/ostrowskatv.pl\/wp-content\/uploads\/2021\/03\/audi_pol-150x150.jpg\" class=\"attachment-thumbnail size-thumbnail\" alt=\"\" \/><\/a>\n\t\t\t<\/div><\/figure><figure class='gallery-item'>\n\t\t\t<div class='gallery-icon landscape'>\n\t\t\t\t<a href='https:\/\/ostrowskatv.pl\/?attachment_id=14290'><img loading=\"lazy\" decoding=\"async\" width=\"150\" height=\"150\" src=\"https:\/\/ostrowskatv.pl\/wp-content\/uploads\/2021\/03\/audi_zacharzew-150x150.jpg\" class=\"attachment-thumbnail size-thumbnail\" alt=\"\" \/><\/a>\n\t\t\t<\/div><\/figure><figure class='gallery-item'>\n\t\t\t<div class='gallery-icon landscape'>\n\t\t\t\t<a href='https:\/\/ostrowskatv.pl\/?attachment_id=14289'><img loading=\"lazy\" decoding=\"async\" width=\"150\" height=\"150\" src=\"https:\/\/ostrowskatv.pl\/wp-content\/uploads\/2021\/03\/audi_pol02-150x150.jpg\" class=\"attachment-thumbnail size-thumbnail\" alt=\"\" \/><\/a>\n\t\t\t<\/div><\/figure>\n\t\t<\/div>\n\n","protected":false},"excerpt":{"rendered":"Policjanci z ostrowskiej drog\u00f3wki postanowili zatrzyma\u0107 do kontroli srebrne Audi jad\u0105ce przez Zacharzew na trasie Ostr\u00f3w Wlkp. &#8211; Krotoszyn. Kierowca nie zatrzyma\u0142 si\u0119 \n<a class=\"moretag\" href=\"https:\/\/ostrowskatv.pl\/?p=14287\"> [...]<\/a>","protected":false},"author":1,"featured_media":14290,"comment_status":"open","ping_status":"closed","sticky":false,"template":"","format":"standard","meta":{"footnotes":""},"categories":[1],"tags":[2],"class_list":["post-14287","post","type-post","status-publish","format-standard","has-post-thumbnail","hentry","category-news","tag-ostrow-wielkopolski"],"_links":{"self":[{"href":"https:\/\/ostrowskatv.pl\/index.php?rest_route=\/wp\/v2\/posts\/14287","targetHints":{"allow":["GET"]}}],"collection":[{"href":"https:\/\/ostrowskatv.pl\/index.php?rest_route=\/wp\/v2\/posts"}],"about":[{"href":"https:\/\/ostrowskatv.pl\/index.php?rest_route=\/wp\/v2\/types\/post"}],"author":[{"embeddable":true,"href":"https:\/\/ostrowskatv.pl\/index.php?rest_route=\/wp\/v2\/users\/1"}],"replies":[{"embeddable":true,"href":"https:\/\/ostrowskatv.pl\/index.php?rest_route=%2Fwp%2Fv2%2Fcomments&post=14287"}],"version-history":[{"count":0,"href":"https:\/\/ostrowskatv.pl\/index.php?rest_route=\/wp\/v2\/posts\/14287\/revisions"}],"wp:featuredmedia":[{"embeddable":true,"href":"https:\/\/ostrowskatv.pl\/index.php?rest_route=\/wp\/v2\/media\/14290"}],"wp:attachment":[{"href":"https:\/\/ostrowskatv.pl\/index.php?rest_route=%2Fwp%2Fv2%2Fmedia&parent=14287"}],"wp:term":[{"taxonomy":"category","embeddable":true,"href":"https:\/\/ostrowskatv.pl\/index.php?rest_route=%2Fwp%2Fv2%2Fcategories&post=14287"},{"taxonomy":"post_tag","embeddable":true,"href":"https:\/\/ostrowskatv.pl\/index.php?rest_route=%2Fwp%2Fv2%2Ftags&post=14287"}],"curies":[{"name":"wp","href":"https:\/\/api.w.org\/{rel}","templated":true}]}}