{"id":1426,"date":"2016-05-20T15:22:44","date_gmt":"2016-05-20T14:22:44","guid":{"rendered":"http:\/\/ostrowska.tv\/?p=1426"},"modified":"2016-05-20T15:25:07","modified_gmt":"2016-05-20T14:25:07","slug":"zaskakujace-zmiany-w-obsadzie-memorialu-rifa","status":"publish","type":"post","link":"https:\/\/ostrowskatv.pl\/?p=1426","title":{"rendered":"Zaskakuj\u0105ce zmiany w obsadzie memoria\u0142u Rifa!"},"content":{"rendered":"<p><strong>Piotr Pawlicki i Jason Doyle nie pojad\u0105 w sobotnim Memoriale Rifa Saitgariejewa. W ich miejsce wystartuj\u0105 zawodnicy z PGE Extraligi, kt\u00f3rzy w ostatnim czasie s\u0105 w bardzo wysokiej formie.<\/strong><\/p>\n<p>Ostrowscy kibice b\u0119d\u0105 mogli zobaczy\u0107 w Ostrowie Mateja Zagara ze Stali Gorz\u00f3w i Macieja Janowskiego z Betard Sparty Wroc\u0142aw.<\/p>\n<p>Jak uda\u0142o nam si\u0119 ustali\u0107, powodem absencji Pawlickiego i Doyle`a s\u0105 ostatnie upadki tych zawodnik\u00f3w. Obaj \u017cu\u017clowcy s\u0105 po nich poobijani, nie czuj\u0105 si\u0119 najlepiej, a w niedziel\u0119 czekaj\u0105 ich wa\u017cne mecze ligowe.<\/p>\n<p>Na koniec przypominamy, \u017ce sobotni Memoria\u0142 rozpocznie si\u0119 o godzinie 16:30.<\/p>\n","protected":false},"excerpt":{"rendered":"Piotr Pawlicki i Jason Doyle nie pojad\u0105 w sobotnim Memoriale Rifa Saitgariejewa. W ich miejsce wystartuj\u0105 zawodnicy z PGE Extraligi, kt\u00f3rzy w ostatnim \n<a class=\"moretag\" href=\"https:\/\/ostrowskatv.pl\/?p=1426\"> [...]<\/a>","protected":false},"author":1,"featured_media":740,"comment_status":"open","ping_status":"open","sticky":false,"template":"","format":"standard","meta":{"footnotes":""},"categories":[1],"tags":[2],"class_list":["post-1426","post","type-post","status-publish","format-standard","has-post-thumbnail","hentry","category-news","tag-ostrow-wielkopolski"],"_links":{"self":[{"href":"https:\/\/ostrowskatv.pl\/index.php?rest_route=\/wp\/v2\/posts\/1426","targetHints":{"allow":["GET"]}}],"collection":[{"href":"https:\/\/ostrowskatv.pl\/index.php?rest_route=\/wp\/v2\/posts"}],"about":[{"href":"https:\/\/ostrowskatv.pl\/index.php?rest_route=\/wp\/v2\/types\/post"}],"author":[{"embeddable":true,"href":"https:\/\/ostrowskatv.pl\/index.php?rest_route=\/wp\/v2\/users\/1"}],"replies":[{"embeddable":true,"href":"https:\/\/ostrowskatv.pl\/index.php?rest_route=%2Fwp%2Fv2%2Fcomments&post=1426"}],"version-history":[{"count":0,"href":"https:\/\/ostrowskatv.pl\/index.php?rest_route=\/wp\/v2\/posts\/1426\/revisions"}],"wp:featuredmedia":[{"embeddable":true,"href":"https:\/\/ostrowskatv.pl\/index.php?rest_route=\/wp\/v2\/media\/740"}],"wp:attachment":[{"href":"https:\/\/ostrowskatv.pl\/index.php?rest_route=%2Fwp%2Fv2%2Fmedia&parent=1426"}],"wp:term":[{"taxonomy":"category","embeddable":true,"href":"https:\/\/ostrowskatv.pl\/index.php?rest_route=%2Fwp%2Fv2%2Fcategories&post=1426"},{"taxonomy":"post_tag","embeddable":true,"href":"https:\/\/ostrowskatv.pl\/index.php?rest_route=%2Fwp%2Fv2%2Ftags&post=1426"}],"curies":[{"name":"wp","href":"https:\/\/api.w.org\/{rel}","templated":true}]}}