{"id":14147,"date":"2021-02-17T09:18:50","date_gmt":"2021-02-17T08:18:50","guid":{"rendered":"http:\/\/ostrowska.tv\/?p=14147"},"modified":"2021-02-17T09:18:50","modified_gmt":"2021-02-17T08:18:50","slug":"plonaca-ciezarowka-jechala-do-przygodzic","status":"publish","type":"post","link":"https:\/\/ostrowskatv.pl\/?p=14147","title":{"rendered":"P\u0142on\u0105ca ci\u0119\u017car\u00f3wka jecha\u0142a do Przygodzic"},"content":{"rendered":"<p><strong>Ci\u0119\u017carowy Mana wioz\u0105cy \u015bci\u0119te drzewa zaczyna\u0142 si\u0119 pali\u0107. Kierowca zadzwoni\u0142 do ostrowskiej stra\u017cy po\u017carnej i poinformowa\u0142, \u017ce min\u0105\u0142 Antonin i b\u0119dzie jecha\u0142 w stron\u0119 Przygodzic. Nie chcia\u0142 si\u0119 zatrzymywa\u0107, bo by ca\u0142y sp\u0142on\u0105\u0142.<\/strong><\/p>\n<p>M\u0119\u017cczyzna pierwotnie chcia\u0142 wjecha\u0107 na obwodnic\u0119, ale stra\u017cacy zasugerowali by jecha\u0142 do centrum Przygodzic. Na obwodnicy akcja by\u0142aby utrudniona, bo ci\u0119\u017car\u00f3wka znajdowa\u0142aby si\u0119 na przeciwnym pasie ruchu.<\/p>\n<p>Ostatecznie wozy stra\u017cackie dojecha\u0142y do ci\u0119\u017car\u00f3wki pomi\u0119dzy G\u00f3recznikiem, a Przygodzicami. Okaza\u0142o si\u0119, \u017ce p\u0142omie\u0144 pojawi\u0142 si\u0119 przy hamulcach i nie rozprzestrzeni\u0142 si\u0119.<\/p>\n<p><img loading=\"lazy\" decoding=\"async\" class=\"alignnone size-full wp-image-14148\" src=\"http:\/\/ostrowska.tv\/wp-content\/uploads\/2021\/02\/Screenshot_20210217_090943.jpg\" alt=\"\" width=\"1080\" height=\"975\" srcset=\"https:\/\/ostrowskatv.pl\/wp-content\/uploads\/2021\/02\/Screenshot_20210217_090943.jpg 1080w, https:\/\/ostrowskatv.pl\/wp-content\/uploads\/2021\/02\/Screenshot_20210217_090943-300x271.jpg 300w, https:\/\/ostrowskatv.pl\/wp-content\/uploads\/2021\/02\/Screenshot_20210217_090943-399x360.jpg 399w\" sizes=\"auto, (max-width: 1080px) 100vw, 1080px\" \/><\/p>\n","protected":false},"excerpt":{"rendered":"Ci\u0119\u017carowy Mana wioz\u0105cy \u015bci\u0119te drzewa zaczyna\u0142 si\u0119 pali\u0107. Kierowca zadzwoni\u0142 do ostrowskiej stra\u017cy po\u017carnej i poinformowa\u0142, \u017ce min\u0105\u0142 Antonin i b\u0119dzie jecha\u0142 w \n<a class=\"moretag\" href=\"https:\/\/ostrowskatv.pl\/?p=14147\"> [...]<\/a>","protected":false},"author":1,"featured_media":14149,"comment_status":"open","ping_status":"closed","sticky":false,"template":"","format":"standard","meta":{"footnotes":""},"categories":[1],"tags":[7],"class_list":["post-14147","post","type-post","status-publish","format-standard","has-post-thumbnail","hentry","category-news","tag-pozar"],"_links":{"self":[{"href":"https:\/\/ostrowskatv.pl\/index.php?rest_route=\/wp\/v2\/posts\/14147","targetHints":{"allow":["GET"]}}],"collection":[{"href":"https:\/\/ostrowskatv.pl\/index.php?rest_route=\/wp\/v2\/posts"}],"about":[{"href":"https:\/\/ostrowskatv.pl\/index.php?rest_route=\/wp\/v2\/types\/post"}],"author":[{"embeddable":true,"href":"https:\/\/ostrowskatv.pl\/index.php?rest_route=\/wp\/v2\/users\/1"}],"replies":[{"embeddable":true,"href":"https:\/\/ostrowskatv.pl\/index.php?rest_route=%2Fwp%2Fv2%2Fcomments&post=14147"}],"version-history":[{"count":0,"href":"https:\/\/ostrowskatv.pl\/index.php?rest_route=\/wp\/v2\/posts\/14147\/revisions"}],"wp:featuredmedia":[{"embeddable":true,"href":"https:\/\/ostrowskatv.pl\/index.php?rest_route=\/wp\/v2\/media\/14149"}],"wp:attachment":[{"href":"https:\/\/ostrowskatv.pl\/index.php?rest_route=%2Fwp%2Fv2%2Fmedia&parent=14147"}],"wp:term":[{"taxonomy":"category","embeddable":true,"href":"https:\/\/ostrowskatv.pl\/index.php?rest_route=%2Fwp%2Fv2%2Fcategories&post=14147"},{"taxonomy":"post_tag","embeddable":true,"href":"https:\/\/ostrowskatv.pl\/index.php?rest_route=%2Fwp%2Fv2%2Ftags&post=14147"}],"curies":[{"name":"wp","href":"https:\/\/api.w.org\/{rel}","templated":true}]}}