{"id":14132,"date":"2021-02-09T20:15:56","date_gmt":"2021-02-09T19:15:56","guid":{"rendered":"http:\/\/ostrowska.tv\/?p=14132"},"modified":"2021-02-09T20:15:56","modified_gmt":"2021-02-09T19:15:56","slug":"chwilowo-usuneli-124-drzewa","status":"publish","type":"post","link":"https:\/\/ostrowskatv.pl\/?p=14132","title":{"rendered":"&#8222;Chwilowo&#8221; usun\u0119li 124 drzewa"},"content":{"rendered":"<p><strong>Urz\u0119dnicza wyobra\u017ania cz\u0119sto zaskakuje mieszka\u0144c\u00f3w. Tym razem przyjrzymy si\u0119 wyci\u0119ciu 124 drzew w \u015br\u00f3dmie\u015bciu. W\u0142adze miasta uwa\u017caj\u0105, \u017ce by\u0142o to koniecznie, a w ramach rewitalizacji pojawi\u0105 si\u0119 nowe, ale niestety mniejsze drzewa. Zdaniem urz\u0119dnik\u00f3w wyci\u0119cie jest tylko &#8222;chwilowe&#8221;<\/strong><\/p>\n<blockquote><p>Prowadzona od wczoraj w centrum Jarocina wycinka drzew jest konieczna, aby prawid\u0142owo przeprowadzi\u0107 rewitalizacj\u0119 miasta. Uspokajamy, \u017ce ich usuni\u0119cie jest tylko <strong>chwilowe<\/strong>. Wraz z zako\u0144czeniem prac budowlano \u2013 monta\u017cowych, wykonaniem nowych nawierzchni drogowych i wyprowadzeniem z terenu budowy ci\u0119\u017ckiego sprz\u0119tu, w \u015ar\u00f3dmie\u015bciu zostanie zagospodarowana nowa ziele\u0144 miejska, kt\u00f3rej b\u0119dzie znacznie wi\u0119cej. &#8211; czytamy w komunikacie w\u0142adz Jarocina.<\/p><\/blockquote>\n<p>Trudno sobie wyobrazi\u0107 by \u015bci\u0119te drzewa za chwil\u0119 w cudowny spos\u00f3b odros\u0142y czy zosta\u0142y przyklejone odci\u0119te pnie. Kilkunastoletnie drzewa zostan\u0105 ca\u0142kowicie usuni\u0119te, a w ich miejsce posadzone zostan\u0119 kolejne.\u00a0 Wszystko to w ramach rewitalizacji jaroci\u0144skiego \u015br\u00f3dmie\u015bcia.<\/p>\n<p>Drzewa w centrach miast skutecznie pomagaj\u0105 walczy\u0107 z tak zwanymi wyspami ciep\u0142a. Wielkie betonowe place potrafi\u0105 mocno si\u0119 nagrzewa\u0107 w okresie lata, co negatywnie wp\u0142ywa na komfort mieszka\u0144c\u00f3w.<\/p>\n<blockquote><p>W toku rob\u00f3t, konieczne by\u0142o wyci\u0119cie 124. drzew i krzew\u00f3w. Po zrealizowaniu prac budowlanych, w zamian posadzone zostanie 156 nowych o obwodzie minimalnym pnia na wysoko\u015bci 100 cm wynosz\u0105cym 18 cm. B\u0119d\u0105 to drzewa z gatunku Lipy drobnolistnej, Klonu Polnego, Jesionu wynios\u0142ego, Klonu pospolitego, Ambrowca balsamicznego, Platana klonolistnego \u2013 pisz\u0105 w komunikacie urz\u0119dnicy.<\/p><\/blockquote>\n<p>Jaroci\u0144skie w\u0142adze zapowiadaj\u0105, \u017ce na rewitalizowanym terenie pojawi si\u0119 blisko 4 tysi\u0105ce nowych drzew i krzew\u00f3w oraz oko\u0142o 6,7 tysi\u0119cy sztuk bylin oraz ro\u015blin cebulowych. To element du\u017cego projektu, w ramach kt\u00f3rego w centrum Jarocina przebudowany zostanie system kanalizacji sanitarnej oraz sie\u0107 wodoci\u0105gowa. Dodatkowo pojawi si\u0119 nowa nawierzchnia dr\u00f3g, \u015bcie\u017cek rowerowych, chodnik\u00f3w i miejsc parkingowych.<\/p>\n<p>W miejscach, w kt\u00f3rych nie b\u0119dzie mo\u017cna wprowadzi\u0107 nowych nasadze\u0144 do gruntu urz\u0119dnicy zapowiadaj\u0105 stawianie du\u017cych donic.<\/p>\n<blockquote><p>Trzeba pami\u0119ta\u0107 te\u017c o tym, \u017ce istniej\u0105ca ziele\u0144 w centrum Jarocina nie by\u0142a w najlepszym stanie. Wiele drzew posiada\u0142o liczne ubytki w pniach, rozwidlenia, niesymetryczne korony. Cz\u0119sto systemy korzeniowe uszkadzaj\u0105 istniej\u0105ce chodniki, elewacje budynk\u00f3w. Istnieje te\u017c prawdopodobie\u0144stwo, \u017ce lokalizacja sieci i przy\u0142\u0105czy w pobli\u017cu istniej\u0105cych drzew, mog\u0142aby spowodowa\u0107 uszkodzenie ich systemu korzeniowego \u2013 t\u0142umacz\u0105 powody wycinki urz\u0119dnicy.<\/p><\/blockquote>\n<p>Przekonuj\u0105 Was argumenty urz\u0119dnik\u00f3w?<\/p>\n<p>Wi\u0119cej zdj\u0119\u0107 pod adresem:<br \/>\n<a href=\"https:\/\/www.jarocinska.pl\/wiadomosci\/wycinka-drzew-w-srodmiesciu-jarocina-wywoluje-sporo-kontrowersji-i-komentarzy\/DvxYrWWxGuNnOCgzpQBD\/galeria?page=1\">https:\/\/www.jarocinska.pl\/wiadomosci\/wycinka-drzew-w-srodmiesciu-jarocina-wywoluje-sporo-kontrowersji-i-komentarzy\/DvxYrWWxGuNnOCgzpQBD\/galeria?page=1<\/a><\/p>\n","protected":false},"excerpt":{"rendered":"Urz\u0119dnicza wyobra\u017ania cz\u0119sto zaskakuje mieszka\u0144c\u00f3w. Tym razem przyjrzymy si\u0119 wyci\u0119ciu 124 drzew w \u015br\u00f3dmie\u015bciu. W\u0142adze miasta uwa\u017caj\u0105, \u017ce by\u0142o to koniecznie, a w \n<a class=\"moretag\" href=\"https:\/\/ostrowskatv.pl\/?p=14132\"> [...]<\/a>","protected":false},"author":1,"featured_media":14133,"comment_status":"open","ping_status":"closed","sticky":false,"template":"","format":"standard","meta":{"footnotes":""},"categories":[1],"tags":[121],"class_list":["post-14132","post","type-post","status-publish","format-standard","has-post-thumbnail","hentry","category-news","tag-powiat-jarocinski"],"_links":{"self":[{"href":"https:\/\/ostrowskatv.pl\/index.php?rest_route=\/wp\/v2\/posts\/14132","targetHints":{"allow":["GET"]}}],"collection":[{"href":"https:\/\/ostrowskatv.pl\/index.php?rest_route=\/wp\/v2\/posts"}],"about":[{"href":"https:\/\/ostrowskatv.pl\/index.php?rest_route=\/wp\/v2\/types\/post"}],"author":[{"embeddable":true,"href":"https:\/\/ostrowskatv.pl\/index.php?rest_route=\/wp\/v2\/users\/1"}],"replies":[{"embeddable":true,"href":"https:\/\/ostrowskatv.pl\/index.php?rest_route=%2Fwp%2Fv2%2Fcomments&post=14132"}],"version-history":[{"count":0,"href":"https:\/\/ostrowskatv.pl\/index.php?rest_route=\/wp\/v2\/posts\/14132\/revisions"}],"wp:featuredmedia":[{"embeddable":true,"href":"https:\/\/ostrowskatv.pl\/index.php?rest_route=\/wp\/v2\/media\/14133"}],"wp:attachment":[{"href":"https:\/\/ostrowskatv.pl\/index.php?rest_route=%2Fwp%2Fv2%2Fmedia&parent=14132"}],"wp:term":[{"taxonomy":"category","embeddable":true,"href":"https:\/\/ostrowskatv.pl\/index.php?rest_route=%2Fwp%2Fv2%2Fcategories&post=14132"},{"taxonomy":"post_tag","embeddable":true,"href":"https:\/\/ostrowskatv.pl\/index.php?rest_route=%2Fwp%2Fv2%2Ftags&post=14132"}],"curies":[{"name":"wp","href":"https:\/\/api.w.org\/{rel}","templated":true}]}}