{"id":14128,"date":"2021-02-08T22:23:35","date_gmt":"2021-02-08T21:23:35","guid":{"rendered":"http:\/\/ostrowska.tv\/?p=14128"},"modified":"2021-02-08T22:23:35","modified_gmt":"2021-02-08T21:23:35","slug":"religia-w-ostrowskich-szkola-kosztuje-i-to-nie-malo","status":"publish","type":"post","link":"https:\/\/ostrowskatv.pl\/?p=14128","title":{"rendered":"Religia w ostrowskich szko\u0142a kosztuje i to nie ma\u0142o"},"content":{"rendered":"<p><strong>Co raz cz\u0119\u015bciej m\u00f3wi si\u0119 o koszcie nauczania religii w publicznych szko\u0142ach. Ma to zwi\u0105zek z aferami pojawiaj\u0105cymi si\u0119 w tych kr\u0119gach, a tak\u017ce wzrastaj\u0105cym odsetkiem dzieci, kt\u00f3re rezygnuj\u0105 z ucz\u0119szczania na te zaj\u0119cia. Jak to wygl\u0105da w ostrowskich szko\u0142ach?<\/strong><\/p>\n<p>Cena katechezy w roku szkolnym 2019\/2020 wynios\u0142a: 1 603 141,32 z\u0142otych. Koszt ten obejmuje zatrudnienie nauczycieli religii w szko\u0142ach plac\u00f3wkach podlegaj\u0105cych miastu. Do tej kwoty nie s\u0105 zaliczane licea i technika.<\/p>\n<p><strong>Subwencja o\u015bwiatowa pokrywa koszt zatrudnienia nauczycieli szk\u00f3\u0142 podstawowych &#8211; 1 475 287,92 z\u0142otych, natomiast nauczyciele przedszkoli &#8211; 127 853,40 z\u0142otych &#8211; finansowani s\u0105 z bud\u017cetu Miasta.<\/strong><\/p>\n<p>Instytut Statystyki Ko\u015bcio\u0142a Katolickiego poda\u0142, \u017ce w roku szkolnym 2018\/2019 w Polsce 88 proc. uczni\u00f3w ucz\u0119szcza\u0142o na lekcje religii. W diecezji kaliskiej jest to 93,7 proc. Najwi\u0119ksze tendencje rezygnacji z uczestnictwa w nauce religii odnotowywane s\u0105 w najwi\u0119kszych miastach.<\/p>\n","protected":false},"excerpt":{"rendered":"Co raz cz\u0119\u015bciej m\u00f3wi si\u0119 o koszcie nauczania religii w publicznych szko\u0142ach. Ma to zwi\u0105zek z aferami pojawiaj\u0105cymi si\u0119 w tych kr\u0119gach, a \n<a class=\"moretag\" href=\"https:\/\/ostrowskatv.pl\/?p=14128\"> [...]<\/a>","protected":false},"author":1,"featured_media":14129,"comment_status":"open","ping_status":"closed","sticky":false,"template":"","format":"standard","meta":{"footnotes":""},"categories":[1],"tags":[2],"class_list":["post-14128","post","type-post","status-publish","format-standard","has-post-thumbnail","hentry","category-news","tag-ostrow-wielkopolski"],"_links":{"self":[{"href":"https:\/\/ostrowskatv.pl\/index.php?rest_route=\/wp\/v2\/posts\/14128","targetHints":{"allow":["GET"]}}],"collection":[{"href":"https:\/\/ostrowskatv.pl\/index.php?rest_route=\/wp\/v2\/posts"}],"about":[{"href":"https:\/\/ostrowskatv.pl\/index.php?rest_route=\/wp\/v2\/types\/post"}],"author":[{"embeddable":true,"href":"https:\/\/ostrowskatv.pl\/index.php?rest_route=\/wp\/v2\/users\/1"}],"replies":[{"embeddable":true,"href":"https:\/\/ostrowskatv.pl\/index.php?rest_route=%2Fwp%2Fv2%2Fcomments&post=14128"}],"version-history":[{"count":0,"href":"https:\/\/ostrowskatv.pl\/index.php?rest_route=\/wp\/v2\/posts\/14128\/revisions"}],"wp:featuredmedia":[{"embeddable":true,"href":"https:\/\/ostrowskatv.pl\/index.php?rest_route=\/wp\/v2\/media\/14129"}],"wp:attachment":[{"href":"https:\/\/ostrowskatv.pl\/index.php?rest_route=%2Fwp%2Fv2%2Fmedia&parent=14128"}],"wp:term":[{"taxonomy":"category","embeddable":true,"href":"https:\/\/ostrowskatv.pl\/index.php?rest_route=%2Fwp%2Fv2%2Fcategories&post=14128"},{"taxonomy":"post_tag","embeddable":true,"href":"https:\/\/ostrowskatv.pl\/index.php?rest_route=%2Fwp%2Fv2%2Ftags&post=14128"}],"curies":[{"name":"wp","href":"https:\/\/api.w.org\/{rel}","templated":true}]}}