{"id":14125,"date":"2021-02-08T18:40:34","date_gmt":"2021-02-08T17:40:34","guid":{"rendered":"http:\/\/ostrowska.tv\/?p=14125"},"modified":"2021-02-08T18:40:34","modified_gmt":"2021-02-08T17:40:34","slug":"bmw-grzecznie-wjechalo-w-opla-na-rondzie-bankowym","status":"publish","type":"post","link":"https:\/\/ostrowskatv.pl\/?p=14125","title":{"rendered":"BMW grzecznie wjecha\u0142o w Opla na Rondzie Bankowym"},"content":{"rendered":"<p><strong>Po oko\u0142o miesi\u0119cznej przerwie dosz\u0142o do kolejnej kolizji na Rondzie Bankowym. W sobot\u0119 kierowca Opla zasygnalizowa\u0142 kierunkowskazem zamiar zjazdu z ronda i w jego przypadku zmian\u0119 pasa. Jad\u0105cy prawid\u0142owo kierowca BMW zacz\u0105\u0142 hamowa\u0107 w ostatniej chwili, nie odbijaj\u0105c w prawo, co prawdopodobnie mog\u0142o pozwoli\u0107 unikn\u0105\u0107 kolizji.<\/strong><\/p>\n<p>&nbsp;<\/p>\n","protected":false},"excerpt":{"rendered":"Po oko\u0142o miesi\u0119cznej przerwie dosz\u0142o do kolejnej kolizji na Rondzie Bankowym. W sobot\u0119 kierowca Opla zasygnalizowa\u0142 kierunkowskazem zamiar zjazdu z ronda i w \n<a class=\"moretag\" href=\"https:\/\/ostrowskatv.pl\/?p=14125\"> [...]<\/a>","protected":false},"author":1,"featured_media":14126,"comment_status":"open","ping_status":"closed","sticky":false,"template":"","format":"standard","meta":{"footnotes":""},"categories":[1],"tags":[2],"class_list":["post-14125","post","type-post","status-publish","format-standard","has-post-thumbnail","hentry","category-news","tag-ostrow-wielkopolski"],"_links":{"self":[{"href":"https:\/\/ostrowskatv.pl\/index.php?rest_route=\/wp\/v2\/posts\/14125","targetHints":{"allow":["GET"]}}],"collection":[{"href":"https:\/\/ostrowskatv.pl\/index.php?rest_route=\/wp\/v2\/posts"}],"about":[{"href":"https:\/\/ostrowskatv.pl\/index.php?rest_route=\/wp\/v2\/types\/post"}],"author":[{"embeddable":true,"href":"https:\/\/ostrowskatv.pl\/index.php?rest_route=\/wp\/v2\/users\/1"}],"replies":[{"embeddable":true,"href":"https:\/\/ostrowskatv.pl\/index.php?rest_route=%2Fwp%2Fv2%2Fcomments&post=14125"}],"version-history":[{"count":0,"href":"https:\/\/ostrowskatv.pl\/index.php?rest_route=\/wp\/v2\/posts\/14125\/revisions"}],"wp:featuredmedia":[{"embeddable":true,"href":"https:\/\/ostrowskatv.pl\/index.php?rest_route=\/wp\/v2\/media\/14126"}],"wp:attachment":[{"href":"https:\/\/ostrowskatv.pl\/index.php?rest_route=%2Fwp%2Fv2%2Fmedia&parent=14125"}],"wp:term":[{"taxonomy":"category","embeddable":true,"href":"https:\/\/ostrowskatv.pl\/index.php?rest_route=%2Fwp%2Fv2%2Fcategories&post=14125"},{"taxonomy":"post_tag","embeddable":true,"href":"https:\/\/ostrowskatv.pl\/index.php?rest_route=%2Fwp%2Fv2%2Ftags&post=14125"}],"curies":[{"name":"wp","href":"https:\/\/api.w.org\/{rel}","templated":true}]}}