{"id":14112,"date":"2021-02-06T23:14:23","date_gmt":"2021-02-06T22:14:23","guid":{"rendered":"http:\/\/ostrowska.tv\/?p=14112"},"modified":"2021-02-06T23:14:23","modified_gmt":"2021-02-06T22:14:23","slug":"z-dwoma-promilami-rozbil-sie-na-chlapowskiego","status":"publish","type":"post","link":"https:\/\/ostrowskatv.pl\/?p=14112","title":{"rendered":"Z dwoma promilami rozbi\u0142 si\u0119 na Ch\u0142apowskiego"},"content":{"rendered":"<p><strong>W sobotni wiecz\u00f3r kierowca Volkswagena straci\u0142 panowanie nad autem uderzy\u0142 w ogrodzenie posesji przy ulicy Ch\u0142apowskiego, a nast\u0119pnie uszkodzi\u0142 Renault. Kierowca po zdarzeniu oddali\u0142 si\u0119 pieszo.<\/strong><\/p>\n<p>Na miejscu policjanci zastali \u017con\u0119 kieruj\u0105cego Volkswagenem. M\u0119\u017cczyzna oddali\u0142 si\u0119 do pobliskich zaro\u015bli i grozi\u0142 odebraniem sobie \u017cycia. Po pewnym czasie trafi\u0142 w r\u0119ce policjant\u00f3w. Wydmucha\u0142 2 promile.<\/p>\n<p>Tym razem nikogo nie zabi\u0142, ale za sw\u00f3j b\u0119dzie musia\u0142 odpowiedzie\u0107 przed s\u0105dem. <\/p>\n<div id='gallery-1' class='gallery galleryid-14112 gallery-columns-3 gallery-size-thumbnail'><figure class='gallery-item'>\n\t\t\t<div class='gallery-icon landscape'>\n\t\t\t\t<a href='https:\/\/ostrowskatv.pl\/?attachment_id=14110'><img loading=\"lazy\" decoding=\"async\" width=\"150\" height=\"150\" src=\"https:\/\/ostrowskatv.pl\/wp-content\/uploads\/2021\/02\/chlapow03-150x150.jpg\" class=\"attachment-thumbnail size-thumbnail\" alt=\"\" \/><\/a>\n\t\t\t<\/div><\/figure><figure class='gallery-item'>\n\t\t\t<div class='gallery-icon landscape'>\n\t\t\t\t<a href='https:\/\/ostrowskatv.pl\/?attachment_id=14111'><img loading=\"lazy\" decoding=\"async\" width=\"150\" height=\"150\" src=\"https:\/\/ostrowskatv.pl\/wp-content\/uploads\/2021\/02\/chlapow04-150x150.jpg\" class=\"attachment-thumbnail size-thumbnail\" alt=\"\" \/><\/a>\n\t\t\t<\/div><\/figure><figure class='gallery-item'>\n\t\t\t<div class='gallery-icon landscape'>\n\t\t\t\t<a href='https:\/\/ostrowskatv.pl\/?attachment_id=14108'><img loading=\"lazy\" decoding=\"async\" width=\"150\" height=\"150\" src=\"https:\/\/ostrowskatv.pl\/wp-content\/uploads\/2021\/02\/chlapow01-150x150.jpg\" class=\"attachment-thumbnail size-thumbnail\" alt=\"\" \/><\/a>\n\t\t\t<\/div><\/figure><figure class='gallery-item'>\n\t\t\t<div class='gallery-icon landscape'>\n\t\t\t\t<a href='https:\/\/ostrowskatv.pl\/?attachment_id=14109'><img loading=\"lazy\" decoding=\"async\" width=\"150\" height=\"150\" src=\"https:\/\/ostrowskatv.pl\/wp-content\/uploads\/2021\/02\/chlapow02-150x150.jpg\" class=\"attachment-thumbnail size-thumbnail\" alt=\"\" \/><\/a>\n\t\t\t<\/div><\/figure>\n\t\t<\/div>\n\n","protected":false},"excerpt":{"rendered":"W sobotni wiecz\u00f3r kierowca Volkswagena straci\u0142 panowanie nad autem uderzy\u0142 w ogrodzenie posesji przy ulicy Ch\u0142apowskiego, a nast\u0119pnie uszkodzi\u0142 Renault. Kierowca po zdarzeniu \n<a class=\"moretag\" href=\"https:\/\/ostrowskatv.pl\/?p=14112\"> [...]<\/a>","protected":false},"author":1,"featured_media":14110,"comment_status":"open","ping_status":"closed","sticky":false,"template":"","format":"standard","meta":{"footnotes":""},"categories":[1],"tags":[2],"class_list":["post-14112","post","type-post","status-publish","format-standard","has-post-thumbnail","hentry","category-news","tag-ostrow-wielkopolski"],"_links":{"self":[{"href":"https:\/\/ostrowskatv.pl\/index.php?rest_route=\/wp\/v2\/posts\/14112","targetHints":{"allow":["GET"]}}],"collection":[{"href":"https:\/\/ostrowskatv.pl\/index.php?rest_route=\/wp\/v2\/posts"}],"about":[{"href":"https:\/\/ostrowskatv.pl\/index.php?rest_route=\/wp\/v2\/types\/post"}],"author":[{"embeddable":true,"href":"https:\/\/ostrowskatv.pl\/index.php?rest_route=\/wp\/v2\/users\/1"}],"replies":[{"embeddable":true,"href":"https:\/\/ostrowskatv.pl\/index.php?rest_route=%2Fwp%2Fv2%2Fcomments&post=14112"}],"version-history":[{"count":0,"href":"https:\/\/ostrowskatv.pl\/index.php?rest_route=\/wp\/v2\/posts\/14112\/revisions"}],"wp:featuredmedia":[{"embeddable":true,"href":"https:\/\/ostrowskatv.pl\/index.php?rest_route=\/wp\/v2\/media\/14110"}],"wp:attachment":[{"href":"https:\/\/ostrowskatv.pl\/index.php?rest_route=%2Fwp%2Fv2%2Fmedia&parent=14112"}],"wp:term":[{"taxonomy":"category","embeddable":true,"href":"https:\/\/ostrowskatv.pl\/index.php?rest_route=%2Fwp%2Fv2%2Fcategories&post=14112"},{"taxonomy":"post_tag","embeddable":true,"href":"https:\/\/ostrowskatv.pl\/index.php?rest_route=%2Fwp%2Fv2%2Ftags&post=14112"}],"curies":[{"name":"wp","href":"https:\/\/api.w.org\/{rel}","templated":true}]}}