{"id":1404,"date":"2016-05-18T12:52:14","date_gmt":"2016-05-18T11:52:14","guid":{"rendered":"http:\/\/ostrowska.tv\/?p=1404"},"modified":"2016-05-18T12:52:14","modified_gmt":"2016-05-18T11:52:14","slug":"wypadkowa-sroda","status":"publish","type":"post","link":"https:\/\/ostrowskatv.pl\/?p=1404","title":{"rendered":"Wypadkowa \u015broda"},"content":{"rendered":"<p><strong>Od samego rana, bo ju\u017c od godz. 6:00 na terenie powiatu ostrowskiego dosz\u0142o do kilku gro\u017anie wygl\u0105daj\u0105cych zdarze\u0144. Pocz\u0105tek wypadkowej serii rozpocz\u0105\u0142 kierowca VW Golfa, kt\u00f3ry straci\u0142 panowanie nad autem i uderzy\u0142 z impetem w s\u0142up od sygnalizacji \u015bwietlnej. Zdj\u0119cia pokazuj\u0105 jak du\u017ca musia\u0142a by\u0107 si\u0142a.<\/strong><\/p>\n<div id='gallery-1' class='gallery galleryid-1404 gallery-columns-3 gallery-size-thumbnail'><figure class='gallery-item'>\n\t\t\t<div class='gallery-icon landscape'>\n\t\t\t\t<a href='https:\/\/ostrowskatv.pl\/?attachment_id=1405'><img loading=\"lazy\" decoding=\"async\" width=\"150\" height=\"150\" src=\"https:\/\/ostrowskatv.pl\/wp-content\/uploads\/2016\/05\/golf-slup2-150x150.jpg\" class=\"attachment-thumbnail size-thumbnail\" alt=\"\" \/><\/a>\n\t\t\t<\/div><\/figure><figure class='gallery-item'>\n\t\t\t<div class='gallery-icon portrait'>\n\t\t\t\t<a href='https:\/\/ostrowskatv.pl\/?attachment_id=1406'><img loading=\"lazy\" decoding=\"async\" width=\"150\" height=\"150\" src=\"https:\/\/ostrowskatv.pl\/wp-content\/uploads\/2016\/05\/slup-golf-150x150.jpg\" class=\"attachment-thumbnail size-thumbnail\" alt=\"\" \/><\/a>\n\t\t\t<\/div><\/figure>\n\t\t<\/div>\n\n<p>Poza opisanym w innym artykule uderzeniem busa w drzewo, dosz\u0142o do dw\u00f3ch wypadk\u00f3w w gminie Odolan\u00f3w. Najpierw na ul. Krotoszy\u0144skiej przy jednym z market\u00f3w wyjecha\u0142 Ford Ka, kt\u00f3ry uderzy\u0142 w Fiata Pand\u0119. Ten za\u015b odbity uderzy\u0142 w Hond\u0119 Civic i Fiata Punto. Z Hondy zabrano kobiet\u0119 z dzieckiem do szpitala.<\/p>\n<div id='gallery-2' class='gallery galleryid-1404 gallery-columns-3 gallery-size-thumbnail'><figure class='gallery-item'>\n\t\t\t<div class='gallery-icon landscape'>\n\t\t\t\t<a href='https:\/\/ostrowskatv.pl\/?attachment_id=1407'><img loading=\"lazy\" decoding=\"async\" width=\"150\" height=\"150\" src=\"https:\/\/ostrowskatv.pl\/wp-content\/uploads\/2016\/05\/odolanow-wypadek2-150x150.jpg\" class=\"attachment-thumbnail size-thumbnail\" alt=\"\" \/><\/a>\n\t\t\t<\/div><\/figure><figure class='gallery-item'>\n\t\t\t<div class='gallery-icon landscape'>\n\t\t\t\t<a href='https:\/\/ostrowskatv.pl\/?attachment_id=1408'><img loading=\"lazy\" decoding=\"async\" width=\"150\" height=\"150\" src=\"https:\/\/ostrowskatv.pl\/wp-content\/uploads\/2016\/05\/odolanow-wypadek4-150x150.jpg\" class=\"attachment-thumbnail size-thumbnail\" alt=\"\" \/><\/a>\n\t\t\t<\/div><\/figure><figure class='gallery-item'>\n\t\t\t<div class='gallery-icon landscape'>\n\t\t\t\t<a href='https:\/\/ostrowskatv.pl\/?attachment_id=1409'><img loading=\"lazy\" decoding=\"async\" width=\"150\" height=\"150\" src=\"https:\/\/ostrowskatv.pl\/wp-content\/uploads\/2016\/05\/odolanow-wypadek3-150x150.jpg\" class=\"attachment-thumbnail size-thumbnail\" alt=\"\" \/><\/a>\n\t\t\t<\/div><\/figure><figure class='gallery-item'>\n\t\t\t<div class='gallery-icon landscape'>\n\t\t\t\t<a href='https:\/\/ostrowskatv.pl\/?attachment_id=1410'><img loading=\"lazy\" decoding=\"async\" width=\"150\" height=\"150\" src=\"https:\/\/ostrowskatv.pl\/wp-content\/uploads\/2016\/05\/odolanow-wypadek1-150x150.jpg\" class=\"attachment-thumbnail size-thumbnail\" alt=\"\" \/><\/a>\n\t\t\t<\/div><\/figure>\n\t\t<\/div>\n\n<p>Nied\u0142ugo p\u00f3\u017aniej na wylocie z Odolanowa w stron\u0119 Sulmierzyc zderzy\u0142y si\u0119 dwa samochody.<\/p>\n<div id='gallery-3' class='gallery galleryid-1404 gallery-columns-3 gallery-size-thumbnail'><figure class='gallery-item'>\n\t\t\t<div class='gallery-icon landscape'>\n\t\t\t\t<a href='https:\/\/ostrowskatv.pl\/?attachment_id=1411'><img loading=\"lazy\" decoding=\"async\" width=\"150\" height=\"150\" src=\"https:\/\/ostrowskatv.pl\/wp-content\/uploads\/2016\/05\/odolanow-kolizja2-150x150.jpg\" class=\"attachment-thumbnail size-thumbnail\" alt=\"\" srcset=\"https:\/\/ostrowskatv.pl\/wp-content\/uploads\/2016\/05\/odolanow-kolizja2-150x150.jpg 150w, https:\/\/ostrowskatv.pl\/wp-content\/uploads\/2016\/05\/odolanow-kolizja2-300x300.jpg 300w, https:\/\/ostrowskatv.pl\/wp-content\/uploads\/2016\/05\/odolanow-kolizja2-360x360.jpg 360w, https:\/\/ostrowskatv.pl\/wp-content\/uploads\/2016\/05\/odolanow-kolizja2.jpg 1024w\" sizes=\"auto, (max-width: 150px) 100vw, 150px\" \/><\/a>\n\t\t\t<\/div><\/figure><figure class='gallery-item'>\n\t\t\t<div class='gallery-icon landscape'>\n\t\t\t\t<a href='https:\/\/ostrowskatv.pl\/?attachment_id=1412'><img loading=\"lazy\" decoding=\"async\" width=\"150\" height=\"150\" src=\"https:\/\/ostrowskatv.pl\/wp-content\/uploads\/2016\/05\/odolanow-kolizja1-150x150.jpg\" class=\"attachment-thumbnail size-thumbnail\" alt=\"\" srcset=\"https:\/\/ostrowskatv.pl\/wp-content\/uploads\/2016\/05\/odolanow-kolizja1-150x150.jpg 150w, https:\/\/ostrowskatv.pl\/wp-content\/uploads\/2016\/05\/odolanow-kolizja1-300x300.jpg 300w, https:\/\/ostrowskatv.pl\/wp-content\/uploads\/2016\/05\/odolanow-kolizja1-360x360.jpg 360w, https:\/\/ostrowskatv.pl\/wp-content\/uploads\/2016\/05\/odolanow-kolizja1.jpg 1024w\" sizes=\"auto, (max-width: 150px) 100vw, 150px\" \/><\/a>\n\t\t\t<\/div><\/figure>\n\t\t<\/div>\n\n<p>&nbsp;<\/p>\n","protected":false},"excerpt":{"rendered":"Od samego rana, bo ju\u017c od godz. 6:00 na terenie powiatu ostrowskiego dosz\u0142o do kilku gro\u017anie wygl\u0105daj\u0105cych zdarze\u0144. Pocz\u0105tek wypadkowej serii rozpocz\u0105\u0142 kierowca \n<a class=\"moretag\" href=\"https:\/\/ostrowskatv.pl\/?p=1404\"> [...]<\/a>","protected":false},"author":1,"featured_media":1406,"comment_status":"open","ping_status":"open","sticky":false,"template":"","format":"standard","meta":{"footnotes":""},"categories":[1],"tags":[38,2],"class_list":["post-1404","post","type-post","status-publish","format-standard","has-post-thumbnail","hentry","category-news","tag-odolanow","tag-ostrow-wielkopolski"],"_links":{"self":[{"href":"https:\/\/ostrowskatv.pl\/index.php?rest_route=\/wp\/v2\/posts\/1404","targetHints":{"allow":["GET"]}}],"collection":[{"href":"https:\/\/ostrowskatv.pl\/index.php?rest_route=\/wp\/v2\/posts"}],"about":[{"href":"https:\/\/ostrowskatv.pl\/index.php?rest_route=\/wp\/v2\/types\/post"}],"author":[{"embeddable":true,"href":"https:\/\/ostrowskatv.pl\/index.php?rest_route=\/wp\/v2\/users\/1"}],"replies":[{"embeddable":true,"href":"https:\/\/ostrowskatv.pl\/index.php?rest_route=%2Fwp%2Fv2%2Fcomments&post=1404"}],"version-history":[{"count":0,"href":"https:\/\/ostrowskatv.pl\/index.php?rest_route=\/wp\/v2\/posts\/1404\/revisions"}],"wp:featuredmedia":[{"embeddable":true,"href":"https:\/\/ostrowskatv.pl\/index.php?rest_route=\/wp\/v2\/media\/1406"}],"wp:attachment":[{"href":"https:\/\/ostrowskatv.pl\/index.php?rest_route=%2Fwp%2Fv2%2Fmedia&parent=1404"}],"wp:term":[{"taxonomy":"category","embeddable":true,"href":"https:\/\/ostrowskatv.pl\/index.php?rest_route=%2Fwp%2Fv2%2Fcategories&post=1404"},{"taxonomy":"post_tag","embeddable":true,"href":"https:\/\/ostrowskatv.pl\/index.php?rest_route=%2Fwp%2Fv2%2Ftags&post=1404"}],"curies":[{"name":"wp","href":"https:\/\/api.w.org\/{rel}","templated":true}]}}