{"id":14025,"date":"2021-01-28T17:47:12","date_gmt":"2021-01-28T16:47:12","guid":{"rendered":"http:\/\/ostrowska.tv\/?p=14025"},"modified":"2021-01-28T17:47:27","modified_gmt":"2021-01-28T16:47:27","slug":"miala-byc-wojna-ale-nie-wyszlo","status":"publish","type":"post","link":"https:\/\/ostrowskatv.pl\/?p=14025","title":{"rendered":"Mia\u0142a by\u0107 wojna kobiet, ale nie wysz\u0142o"},"content":{"rendered":"<p><strong>Dziewczyny i kobiety z Ostrowa Wielkopolskiego skrzykn\u0119\u0142y si\u0119 na facebookowej grupie. Postanowi\u0142y wyrazi\u0107 sprzeciw wobec opublikowanemu uzasadnieniu wyroku Trybuna\u0142u Konstytucyjnego w sprawie aborcji. Protestuj\u0105ce oznajmi\u0142y, \u017ce ta sytuacja wywo\u0142a\u0142a &#8222;wojn\u0119&#8221;.<\/strong><\/p>\n<p>Pod ostrowsk\u0105 hal\u0105 Arena zgromadzi\u0142o si\u0119 niespe\u0142na 10 pa\u0144 i dziewczyn. Jedna z nich powiedzia\u0142a przez megafon, \u017ce jest jej przykro. Po nied\u0142ugim czasie spontaniczne zgromadzenie zako\u0144czy\u0142o si\u0119 i zgromadzeni rozeszli si\u0119.<\/p>\n<p>Frekwencyjnie za to dopisali dziennikarze i policjanci.<\/p>\n","protected":false},"excerpt":{"rendered":"Dziewczyny i kobiety z Ostrowa Wielkopolskiego skrzykn\u0119\u0142y si\u0119 na facebookowej grupie. Postanowi\u0142y wyrazi\u0107 sprzeciw wobec opublikowanemu uzasadnieniu wyroku Trybuna\u0142u Konstytucyjnego w sprawie aborcji. \n<a class=\"moretag\" href=\"https:\/\/ostrowskatv.pl\/?p=14025\"> [...]<\/a>","protected":false},"author":1,"featured_media":14026,"comment_status":"open","ping_status":"closed","sticky":false,"template":"","format":"standard","meta":{"footnotes":""},"categories":[1],"tags":[2],"class_list":["post-14025","post","type-post","status-publish","format-standard","has-post-thumbnail","hentry","category-news","tag-ostrow-wielkopolski"],"_links":{"self":[{"href":"https:\/\/ostrowskatv.pl\/index.php?rest_route=\/wp\/v2\/posts\/14025","targetHints":{"allow":["GET"]}}],"collection":[{"href":"https:\/\/ostrowskatv.pl\/index.php?rest_route=\/wp\/v2\/posts"}],"about":[{"href":"https:\/\/ostrowskatv.pl\/index.php?rest_route=\/wp\/v2\/types\/post"}],"author":[{"embeddable":true,"href":"https:\/\/ostrowskatv.pl\/index.php?rest_route=\/wp\/v2\/users\/1"}],"replies":[{"embeddable":true,"href":"https:\/\/ostrowskatv.pl\/index.php?rest_route=%2Fwp%2Fv2%2Fcomments&post=14025"}],"version-history":[{"count":0,"href":"https:\/\/ostrowskatv.pl\/index.php?rest_route=\/wp\/v2\/posts\/14025\/revisions"}],"wp:featuredmedia":[{"embeddable":true,"href":"https:\/\/ostrowskatv.pl\/index.php?rest_route=\/wp\/v2\/media\/14026"}],"wp:attachment":[{"href":"https:\/\/ostrowskatv.pl\/index.php?rest_route=%2Fwp%2Fv2%2Fmedia&parent=14025"}],"wp:term":[{"taxonomy":"category","embeddable":true,"href":"https:\/\/ostrowskatv.pl\/index.php?rest_route=%2Fwp%2Fv2%2Fcategories&post=14025"},{"taxonomy":"post_tag","embeddable":true,"href":"https:\/\/ostrowskatv.pl\/index.php?rest_route=%2Fwp%2Fv2%2Ftags&post=14025"}],"curies":[{"name":"wp","href":"https:\/\/api.w.org\/{rel}","templated":true}]}}