{"id":14023,"date":"2021-01-27T21:51:02","date_gmt":"2021-01-27T20:51:02","guid":{"rendered":"http:\/\/ostrowska.tv\/?p=14023"},"modified":"2021-01-27T21:51:02","modified_gmt":"2021-01-27T20:51:02","slug":"policjantow-bylo-wiecej-niz-protestujacych","status":"publish","type":"post","link":"https:\/\/ostrowskatv.pl\/?p=14023","title":{"rendered":"Policjant\u00f3w by\u0142o wi\u0119cej ni\u017c protestuj\u0105cych"},"content":{"rendered":"<p><strong>Ostrowskich policjant\u00f3w by\u0142o wi\u0119cej od protestuj\u0105cych i dziennikarzy razem wzi\u0119tych. Mowa o zwo\u0142anym spontanicznie prote\u015bcie pod biurami parlamentarzyst\u00f3w Prawa i Sprawiedliwo\u015bci w zwi\u0105zku z publikacj\u0105 uzasadnienia wyroku Trybuna\u0142u Konstytucyjnego dot. aborcji. Na przeciw biur przy ul. Wroc\u0142awskiej pojawi\u0142y si\u0119 dwie osoby. Obecnych by\u0142o czworo dziennikarzy. Najwi\u0119cej by\u0142o jednak policjant\u00f3w. 7 umundurowanych i 2 tzw. tajniak\u00f3w.<\/strong><\/p>\n<p>Na grupie facebookowej pr\u00f3bowali zwo\u0142a\u0107 si\u0119 zwolennicy prawa wyboru w kontek\u015bcie aborcji. Sugerowano by zabra\u0107 jajka i obrzuca\u0107 biura parlamentarzyst\u00f3w. Policjanci, kt\u00f3rzy \u015bledz\u0105 uwa\u017cnie grup\u0119, postanowili zapobiec incydentom. Ku ich zdziwieniu pod biurami pojawi\u0142y si\u0119 dwie osoby, kt\u00f3re poza biernym staniem nie wykazywa\u0142y \u017cadnej agresji.<\/p>\n<div id='gallery-1' class='gallery galleryid-14023 gallery-columns-3 gallery-size-thumbnail'><figure class='gallery-item'>\n\t\t\t<div class='gallery-icon landscape'>\n\t\t\t\t<a href='https:\/\/ostrowskatv.pl\/?attachment_id=14022'><img loading=\"lazy\" decoding=\"async\" width=\"150\" height=\"150\" src=\"https:\/\/ostrowskatv.pl\/wp-content\/uploads\/2021\/01\/IMG_20210127_205743-01-150x150.jpeg\" class=\"attachment-thumbnail size-thumbnail\" alt=\"\" aria-describedby=\"gallery-1-14022\" \/><\/a>\n\t\t\t<\/div>\n\t\t\t\t<figcaption class='wp-caption-text gallery-caption' id='gallery-1-14022'>\n\t\t\t\thdrpl\n\t\t\t\t<\/figcaption><\/figure><figure class='gallery-item'>\n\t\t\t<div class='gallery-icon landscape'>\n\t\t\t\t<a href='https:\/\/ostrowskatv.pl\/?attachment_id=14021'><img loading=\"lazy\" decoding=\"async\" width=\"150\" height=\"150\" src=\"https:\/\/ostrowskatv.pl\/wp-content\/uploads\/2021\/01\/IMG_20210127_205447-01-150x150.jpeg\" class=\"attachment-thumbnail size-thumbnail\" alt=\"\" \/><\/a>\n\t\t\t<\/div><\/figure><figure class='gallery-item'>\n\t\t\t<div class='gallery-icon landscape'>\n\t\t\t\t<a href='https:\/\/ostrowskatv.pl\/?attachment_id=14020'><img loading=\"lazy\" decoding=\"async\" width=\"150\" height=\"150\" src=\"https:\/\/ostrowskatv.pl\/wp-content\/uploads\/2021\/01\/IMG_20210127_205817-01-150x150.jpeg\" class=\"attachment-thumbnail size-thumbnail\" alt=\"\" aria-describedby=\"gallery-1-14020\" \/><\/a>\n\t\t\t<\/div>\n\t\t\t\t<figcaption class='wp-caption-text gallery-caption' id='gallery-1-14020'>\n\t\t\t\thdrpl\n\t\t\t\t<\/figcaption><\/figure><figure class='gallery-item'>\n\t\t\t<div class='gallery-icon landscape'>\n\t\t\t\t<a href='https:\/\/ostrowskatv.pl\/?attachment_id=14019'><img loading=\"lazy\" decoding=\"async\" width=\"150\" height=\"150\" src=\"https:\/\/ostrowskatv.pl\/wp-content\/uploads\/2021\/01\/IMG_20210127_205948-01-150x150.jpeg\" class=\"attachment-thumbnail size-thumbnail\" alt=\"\" \/><\/a>\n\t\t\t<\/div><\/figure><figure class='gallery-item'>\n\t\t\t<div class='gallery-icon portrait'>\n\t\t\t\t<a href='https:\/\/ostrowskatv.pl\/?attachment_id=14018'><img loading=\"lazy\" decoding=\"async\" width=\"150\" height=\"150\" src=\"https:\/\/ostrowskatv.pl\/wp-content\/uploads\/2021\/01\/strajkkobiet6-01-150x150.jpeg\" class=\"attachment-thumbnail size-thumbnail\" alt=\"\" \/><\/a>\n\t\t\t<\/div><\/figure><figure class='gallery-item'>\n\t\t\t<div class='gallery-icon landscape'>\n\t\t\t\t<a href='https:\/\/ostrowskatv.pl\/?attachment_id=14017'><img loading=\"lazy\" decoding=\"async\" width=\"150\" height=\"150\" src=\"https:\/\/ostrowskatv.pl\/wp-content\/uploads\/2021\/01\/strajkkobiet1-01-150x150.jpeg\" class=\"attachment-thumbnail size-thumbnail\" alt=\"\" \/><\/a>\n\t\t\t<\/div><\/figure>\n\t\t<\/div>\n\n","protected":false},"excerpt":{"rendered":"Ostrowskich policjant\u00f3w by\u0142o wi\u0119cej od protestuj\u0105cych i dziennikarzy razem wzi\u0119tych. Mowa o zwo\u0142anym spontanicznie prote\u015bcie pod biurami parlamentarzyst\u00f3w Prawa i Sprawiedliwo\u015bci w zwi\u0105zku \n<a class=\"moretag\" href=\"https:\/\/ostrowskatv.pl\/?p=14023\"> [...]<\/a>","protected":false},"author":1,"featured_media":14018,"comment_status":"open","ping_status":"closed","sticky":false,"template":"","format":"standard","meta":{"footnotes":""},"categories":[1],"tags":[2],"class_list":["post-14023","post","type-post","status-publish","format-standard","has-post-thumbnail","hentry","category-news","tag-ostrow-wielkopolski"],"_links":{"self":[{"href":"https:\/\/ostrowskatv.pl\/index.php?rest_route=\/wp\/v2\/posts\/14023","targetHints":{"allow":["GET"]}}],"collection":[{"href":"https:\/\/ostrowskatv.pl\/index.php?rest_route=\/wp\/v2\/posts"}],"about":[{"href":"https:\/\/ostrowskatv.pl\/index.php?rest_route=\/wp\/v2\/types\/post"}],"author":[{"embeddable":true,"href":"https:\/\/ostrowskatv.pl\/index.php?rest_route=\/wp\/v2\/users\/1"}],"replies":[{"embeddable":true,"href":"https:\/\/ostrowskatv.pl\/index.php?rest_route=%2Fwp%2Fv2%2Fcomments&post=14023"}],"version-history":[{"count":0,"href":"https:\/\/ostrowskatv.pl\/index.php?rest_route=\/wp\/v2\/posts\/14023\/revisions"}],"wp:featuredmedia":[{"embeddable":true,"href":"https:\/\/ostrowskatv.pl\/index.php?rest_route=\/wp\/v2\/media\/14018"}],"wp:attachment":[{"href":"https:\/\/ostrowskatv.pl\/index.php?rest_route=%2Fwp%2Fv2%2Fmedia&parent=14023"}],"wp:term":[{"taxonomy":"category","embeddable":true,"href":"https:\/\/ostrowskatv.pl\/index.php?rest_route=%2Fwp%2Fv2%2Fcategories&post=14023"},{"taxonomy":"post_tag","embeddable":true,"href":"https:\/\/ostrowskatv.pl\/index.php?rest_route=%2Fwp%2Fv2%2Ftags&post=14023"}],"curies":[{"name":"wp","href":"https:\/\/api.w.org\/{rel}","templated":true}]}}