{"id":140,"date":"2016-01-09T20:02:50","date_gmt":"2016-01-09T19:02:50","guid":{"rendered":"http:\/\/ostrowska.tv\/?p=140"},"modified":"2016-01-09T20:10:48","modified_gmt":"2016-01-09T19:10:48","slug":"co-miasto-zrobi-z-budynkami-po-gimnazjach","status":"publish","type":"post","link":"https:\/\/ostrowskatv.pl\/?p=140","title":{"rendered":"Co miasto zrobi z budynkami po gimnazjach?"},"content":{"rendered":"<p><strong>PiS chce likwidacji gimnazj\u00f3w, cho\u0107 ta zmiana nie jest wcale przes\u0105dzona. W\u0142adze naszego miasta ju\u017c teraz zastanawiaj\u0105 si\u0119 jednak, co zrobi\u0107 z budynkami po tych plac\u00f3wkach i jak zagospodarowa\u0107 nauczycieli.<\/strong><\/p>\n<p>&#8211; Pani minister wypowiada\u0142a si\u0119 ju\u017c na temat gimnazj\u00f3w. Teraz nadchodzi czas konsultacji. Zosta\u0142 powo\u0142any zesp\u00f3\u0142 ekspert\u00f3w dobrej zmiany w o\u015bwiacie, kt\u00f3ry jest na bie\u017c\u0105co tworzony. Dzia\u0142ania tej grupy i po\u0142\u0105czone z nimi konsultacje spo\u0142eczne zdecyduj\u0105, czy dojdzie do zmiany w ustawie w kierunku wygaszania gimnazj\u00f3w. W tej chwili dosz\u0142o do czterech zmian, ale temat gimnazj\u00f3w nie jest przes\u0105dzony \u2013 m\u00f3wi nam senator PiS \u0141ukasz Miko\u0142ajczyk.<\/p>\n<p>Miasto chce by\u0107 jednak gotowe na ka\u017cd\u0105 ewentualno\u015b\u0107. W zwi\u0105zku z tym ju\u017c teraz trwaj\u0105 dyskusje, co zrobi\u0107 z budynkami, kt\u00f3re pozosta\u0142yby po likwidacji gimnazj\u00f3w. &#8211; Budynki gimnazjalne zostan\u0105 przeznaczone na utworzenie w nich szk\u00f3\u0142 podstawowych. Konieczna b\u0119dzie reorganizacja obwod\u00f3w i budowa nowej sieci szk\u00f3\u0142 podstawowych \u2013 t\u0142umaczy nam Artur Ko\u0142aci\u0144ski z Biura Prasowego Urz\u0119du Miejskiego w Ostrowie Wielkopolskim.<\/p>\n<p>Oddzielnym tematem s\u0105 mo\u017cliwe zwolnienia nauczycieli, kt\u00f3rzy pracuj\u0105 w gimnazjach. Na ten moment nikt nie jest w stanie przewidzie\u0107, jak du\u017ca mo\u017ce by\u0107 redukcja etat\u00f3w. Jest to uzale\u017cnione od kilku kwestii. &#8211; Proces wygaszania gimnazj\u00f3w oraz przekszta\u0142cania szk\u00f3\u0142 podstawowych w szko\u0142y o\u015bmioklasowe b\u0119dzie przebiega\u0142 w latach szkolnych 2017 \u2013 2019. W przypadku wprowadzenia tej reformy, ulec zmianie powinna r\u00f3wnie\u017c podstawa programowa, obejmuj\u0105c o\u015bmioletni tryb nauczania w szkole podstawowej. W zale\u017cno\u015bci od tej podstawy cz\u0119\u015b\u0107 nauczycieli szk\u00f3\u0142 gimnazjalnych znajdzie zatrudnienie w innych szko\u0142ach podstawowych, cz\u0119\u015b\u0107 zostanie w macierzystych jednostkach. Kilkuletni czas wygaszania gimnazj\u00f3w pozwoli nauczycielom przygotowa\u0107 si\u0119 do nauczania w szko\u0142ach podstawowych, a tak\u017ce uzyska\u0107 dodatkowe kwalifikacje, kt\u00f3re wynika\u0107 b\u0119d\u0105 z odpowiedniego dla nich zapotrzebowania. Obecnie trudno jest szczeg\u00f3\u0142owo okre\u015bli\u0107 czy w og\u00f3le, a je\u015bli tak, to ile etat\u00f3w zostanie zredukowanych \u2013 przekonuje Artur Ko\u0142aci\u0144ski z Biura Prasowego Urz\u0119du Miejskiego w Ostrowie Wielkopolskim.<\/p>\n<p>O zmianach w o\u015bwiacie zdecyduj\u0105 zatem w du\u017cej mierze konsultacje spo\u0142eczne. Jakie jest Pa\u0144stwa zdanie na ten temat? Czy gimnazja powinny zosta\u0107 zlikwidowane? Zach\u0119camy do dyskusji w komentarzach. <\/p>\n","protected":false},"excerpt":{"rendered":"PiS chce likwidacji gimnazj\u00f3w, cho\u0107 ta zmiana nie jest wcale przes\u0105dzona. W\u0142adze naszego miasta ju\u017c teraz zastanawiaj\u0105 si\u0119 jednak, co zrobi\u0107 z budynkami \n<a class=\"moretag\" href=\"https:\/\/ostrowskatv.pl\/?p=140\"> [...]<\/a>","protected":false},"author":1,"featured_media":141,"comment_status":"open","ping_status":"open","sticky":false,"template":"","format":"standard","meta":{"footnotes":""},"categories":[1],"tags":[],"class_list":["post-140","post","type-post","status-publish","format-standard","has-post-thumbnail","hentry","category-news"],"_links":{"self":[{"href":"https:\/\/ostrowskatv.pl\/index.php?rest_route=\/wp\/v2\/posts\/140","targetHints":{"allow":["GET"]}}],"collection":[{"href":"https:\/\/ostrowskatv.pl\/index.php?rest_route=\/wp\/v2\/posts"}],"about":[{"href":"https:\/\/ostrowskatv.pl\/index.php?rest_route=\/wp\/v2\/types\/post"}],"author":[{"embeddable":true,"href":"https:\/\/ostrowskatv.pl\/index.php?rest_route=\/wp\/v2\/users\/1"}],"replies":[{"embeddable":true,"href":"https:\/\/ostrowskatv.pl\/index.php?rest_route=%2Fwp%2Fv2%2Fcomments&post=140"}],"version-history":[{"count":0,"href":"https:\/\/ostrowskatv.pl\/index.php?rest_route=\/wp\/v2\/posts\/140\/revisions"}],"wp:featuredmedia":[{"embeddable":true,"href":"https:\/\/ostrowskatv.pl\/index.php?rest_route=\/wp\/v2\/media\/141"}],"wp:attachment":[{"href":"https:\/\/ostrowskatv.pl\/index.php?rest_route=%2Fwp%2Fv2%2Fmedia&parent=140"}],"wp:term":[{"taxonomy":"category","embeddable":true,"href":"https:\/\/ostrowskatv.pl\/index.php?rest_route=%2Fwp%2Fv2%2Fcategories&post=140"},{"taxonomy":"post_tag","embeddable":true,"href":"https:\/\/ostrowskatv.pl\/index.php?rest_route=%2Fwp%2Fv2%2Ftags&post=140"}],"curies":[{"name":"wp","href":"https:\/\/api.w.org\/{rel}","templated":true}]}}