{"id":1399,"date":"2016-05-18T10:52:42","date_gmt":"2016-05-18T09:52:42","guid":{"rendered":"http:\/\/ostrowska.tv\/?p=1399"},"modified":"2016-05-18T10:52:42","modified_gmt":"2016-05-18T09:52:42","slug":"uratowali-kierowce-busa-prawie-splonal","status":"publish","type":"post","link":"https:\/\/ostrowskatv.pl\/?p=1399","title":{"rendered":"Uratowali kierowc\u0119 busa. Prawie sp\u0142on\u0105\u0142"},"content":{"rendered":"<p><strong>O olbrzymim szcz\u0119\u015bciu w nieszcz\u0119\u015bciu mo\u017ce m\u00f3wi\u0107 33-letni kierowca busa, kt\u00f3ry z nieznanych przyczyn zjecha\u0142 na pobocze i uderzy\u0142 w drzewo. Do tego wstrz\u0105saj\u0105cego wypadku dosz\u0142o na trasie Ostr\u00f3w Wlkp. &#8211; Karski, w lesie przy Piaskach-Szczygliczce. Citroen Jumper stan\u0105\u0142 w p\u0142omieniach. Na szcz\u0119\u015bcie ju\u017c po chwili pierwszej pomocy udzielili inni podr\u00f3\u017cuj\u0105cy t\u0105 drog\u0105. Wyci\u0105gn\u0119li kierowc\u0119 busa, kt\u00f3ry ju\u017c zacz\u0105\u0142 si\u0119 pali\u0107. W mi\u0119dzy czasie stra\u017cacy zostali zadysponowani do posprz\u0105tania skutk\u00f3w kolizji, w kt\u00f3rej VW Golf uderzy\u0142 w s\u0142up na Alei S\u0142owackiego. Ju\u017c w czasie dojazdu przekierowano ich na miejsce zdarzenia z udzia\u0142em busa. Gdy dojechali do lasku przy Piaskach-Szczygliczce &#8211; droga na Karski, p\u0142omienie si\u0119ga\u0142y ju\u017c 5 metr\u00f3w.<\/strong><\/p>\n<p>Stra\u017cacy z przyby\u0142ego zast\u0119pu udzielili pierwszej pomocy poszkodowanego oraz ugasili powsta\u0142y po\u017car. Po wst\u0119pnych ogl\u0119dzinach wida\u0107, \u017ce Citroen Jumper zjecha\u0142 na pobocze, gdzie najpierw skosi\u0142 \u015bredniej wielko\u015bci drzewko, a nast\u0119pnie zatrzyma\u0142 si\u0119 na grubym drzewie. Poszkodowany kierowca w karetce straci\u0142 przytomno\u015b\u0107. Zosta\u0142 odwieziony do ostrowskiego szpitala.<\/p>\n<div style=\"width: 640px;\" class=\"wp-video\"><video class=\"wp-video-shortcode\" id=\"video-1399-1\" width=\"640\" height=\"360\" preload=\"metadata\" controls=\"controls\"><source type=\"video\/mp4\" src=\"http:\/\/ostrowska.tv\/wp-content\/uploads\/2016\/05\/bus-ogien.mp4?_=1\" \/><a href=\"http:\/\/ostrowska.tv\/wp-content\/uploads\/2016\/05\/bus-ogien.mp4\">http:\/\/ostrowska.tv\/wp-content\/uploads\/2016\/05\/bus-ogien.mp4<\/a><\/video><\/div>\n","protected":false},"excerpt":{"rendered":"O olbrzymim szcz\u0119\u015bciu w nieszcz\u0119\u015bciu mo\u017ce m\u00f3wi\u0107 33-letni kierowca busa, kt\u00f3ry z nieznanych przyczyn zjecha\u0142 na pobocze i uderzy\u0142 w drzewo. Do tego \n<a class=\"moretag\" href=\"https:\/\/ostrowskatv.pl\/?p=1399\"> [...]<\/a>","protected":false},"author":1,"featured_media":1400,"comment_status":"open","ping_status":"open","sticky":false,"template":"","format":"standard","meta":{"footnotes":""},"categories":[1],"tags":[2],"class_list":["post-1399","post","type-post","status-publish","format-standard","has-post-thumbnail","hentry","category-news","tag-ostrow-wielkopolski"],"_links":{"self":[{"href":"https:\/\/ostrowskatv.pl\/index.php?rest_route=\/wp\/v2\/posts\/1399","targetHints":{"allow":["GET"]}}],"collection":[{"href":"https:\/\/ostrowskatv.pl\/index.php?rest_route=\/wp\/v2\/posts"}],"about":[{"href":"https:\/\/ostrowskatv.pl\/index.php?rest_route=\/wp\/v2\/types\/post"}],"author":[{"embeddable":true,"href":"https:\/\/ostrowskatv.pl\/index.php?rest_route=\/wp\/v2\/users\/1"}],"replies":[{"embeddable":true,"href":"https:\/\/ostrowskatv.pl\/index.php?rest_route=%2Fwp%2Fv2%2Fcomments&post=1399"}],"version-history":[{"count":0,"href":"https:\/\/ostrowskatv.pl\/index.php?rest_route=\/wp\/v2\/posts\/1399\/revisions"}],"wp:featuredmedia":[{"embeddable":true,"href":"https:\/\/ostrowskatv.pl\/index.php?rest_route=\/wp\/v2\/media\/1400"}],"wp:attachment":[{"href":"https:\/\/ostrowskatv.pl\/index.php?rest_route=%2Fwp%2Fv2%2Fmedia&parent=1399"}],"wp:term":[{"taxonomy":"category","embeddable":true,"href":"https:\/\/ostrowskatv.pl\/index.php?rest_route=%2Fwp%2Fv2%2Fcategories&post=1399"},{"taxonomy":"post_tag","embeddable":true,"href":"https:\/\/ostrowskatv.pl\/index.php?rest_route=%2Fwp%2Fv2%2Ftags&post=1399"}],"curies":[{"name":"wp","href":"https:\/\/api.w.org\/{rel}","templated":true}]}}