{"id":13962,"date":"2021-01-17T08:00:34","date_gmt":"2021-01-17T07:00:34","guid":{"rendered":"http:\/\/ostrowska.tv\/?p=13962"},"modified":"2021-01-17T08:00:34","modified_gmt":"2021-01-17T07:00:34","slug":"wjechal-w-przystanek-na-paderewskiego-i-uciekl","status":"publish","type":"post","link":"https:\/\/ostrowskatv.pl\/?p=13962","title":{"rendered":"Wjecha\u0142 w przystanek na Paderewskiego i uciek\u0142"},"content":{"rendered":"<p><strong>Najwyra\u017aniej cywilnej odwagi zabrak\u0142o kierowcy auta, kt\u00f3re w nocy z soboty na niedziel\u0119 wjecha\u0142o w wiat\u0119 przystankow\u0105 przy ulicy Paderewskiego. Nieznany jeszcze sprawca uciek\u0142 z miejsca kolizji. Czy bardziej wystraszy\u0142 si\u0119 wizji mandatu w przedziale 250-500 z\u0142, 6 punkt\u00f3w karnych czy mo\u017ce utraty do 20% zni\u017cek ubezpieczenia OC?<\/strong><\/p>\n<p>Stra\u017cacy ota\u015bmowali wiat\u0119, a policjanci prowadz\u0105 post\u0119powanie zmierzaj\u0105ce do ustalenia danych kierowcy.<\/p>\n","protected":false},"excerpt":{"rendered":"Najwyra\u017aniej cywilnej odwagi zabrak\u0142o kierowcy auta, kt\u00f3re w nocy z soboty na niedziel\u0119 wjecha\u0142o w wiat\u0119 przystankow\u0105 przy ulicy Paderewskiego. Nieznany jeszcze sprawca \n<a class=\"moretag\" href=\"https:\/\/ostrowskatv.pl\/?p=13962\"> [...]<\/a>","protected":false},"author":1,"featured_media":13963,"comment_status":"open","ping_status":"closed","sticky":false,"template":"","format":"standard","meta":{"footnotes":""},"categories":[1],"tags":[2],"class_list":["post-13962","post","type-post","status-publish","format-standard","has-post-thumbnail","hentry","category-news","tag-ostrow-wielkopolski"],"_links":{"self":[{"href":"https:\/\/ostrowskatv.pl\/index.php?rest_route=\/wp\/v2\/posts\/13962","targetHints":{"allow":["GET"]}}],"collection":[{"href":"https:\/\/ostrowskatv.pl\/index.php?rest_route=\/wp\/v2\/posts"}],"about":[{"href":"https:\/\/ostrowskatv.pl\/index.php?rest_route=\/wp\/v2\/types\/post"}],"author":[{"embeddable":true,"href":"https:\/\/ostrowskatv.pl\/index.php?rest_route=\/wp\/v2\/users\/1"}],"replies":[{"embeddable":true,"href":"https:\/\/ostrowskatv.pl\/index.php?rest_route=%2Fwp%2Fv2%2Fcomments&post=13962"}],"version-history":[{"count":0,"href":"https:\/\/ostrowskatv.pl\/index.php?rest_route=\/wp\/v2\/posts\/13962\/revisions"}],"wp:featuredmedia":[{"embeddable":true,"href":"https:\/\/ostrowskatv.pl\/index.php?rest_route=\/wp\/v2\/media\/13963"}],"wp:attachment":[{"href":"https:\/\/ostrowskatv.pl\/index.php?rest_route=%2Fwp%2Fv2%2Fmedia&parent=13962"}],"wp:term":[{"taxonomy":"category","embeddable":true,"href":"https:\/\/ostrowskatv.pl\/index.php?rest_route=%2Fwp%2Fv2%2Fcategories&post=13962"},{"taxonomy":"post_tag","embeddable":true,"href":"https:\/\/ostrowskatv.pl\/index.php?rest_route=%2Fwp%2Fv2%2Ftags&post=13962"}],"curies":[{"name":"wp","href":"https:\/\/api.w.org\/{rel}","templated":true}]}}