{"id":13955,"date":"2021-01-12T04:37:49","date_gmt":"2021-01-12T03:37:49","guid":{"rendered":"http:\/\/ostrowska.tv\/?p=13955"},"modified":"2021-01-12T04:38:31","modified_gmt":"2021-01-12T03:38:31","slug":"rozbil-sie-bmw-i-poszedl-do-domu","status":"publish","type":"post","link":"https:\/\/ostrowskatv.pl\/?p=13955","title":{"rendered":"Rozbi\u0142 BMW i poszed\u0142 do domu"},"content":{"rendered":"<p><strong>W Gorzycach Wielkich na ulicy Spacerowej dosz\u0142o do gro\u017anie wygl\u0105daj\u0105cego zdarzenia drogowego z udzia\u0142em samochodu osobowego marki BMW. Po godzinie 3.00 kierowca straci\u0142 panowanie nad autem. Osob\u00f3wka wjecha\u0142a w drzewo, a nast\u0119pnie odbita skasowa\u0142a bram\u0119 wjazdow\u0105 do posesji po przeciwnej stronie drogi.<\/strong><\/p>\n<p>Kierowca po zdarzeniu oddali\u0142 si\u0119 z miejsca zdarzenia. Wezwano stra\u017cak\u00f3w z Ostrowa i Gorzyc Wlk. oraz karetk\u0119.<\/p>\n<p>W potencjalnym miejscu zamieszkania napotkano kobiet\u0119, kt\u00f3ra mog\u0142a by\u0107 matk\u0105 domniemanego kierowcy. Przed posesj\u0105 znaleziono \u015blady krwi, ale funkcjonariuszy nie wpuszczono do \u015brodka.<\/p>\n<div id='gallery-1' class='gallery galleryid-13955 gallery-columns-3 gallery-size-thumbnail'><figure class='gallery-item'>\n\t\t\t<div class='gallery-icon landscape'>\n\t\t\t\t<a href='https:\/\/ostrowskatv.pl\/?attachment_id=13954'><img loading=\"lazy\" decoding=\"async\" width=\"150\" height=\"150\" src=\"https:\/\/ostrowskatv.pl\/wp-content\/uploads\/2021\/01\/IMG_20210112_0359172-01-150x150.jpeg\" class=\"attachment-thumbnail size-thumbnail\" alt=\"\" \/><\/a>\n\t\t\t<\/div><\/figure><figure class='gallery-item'>\n\t\t\t<div class='gallery-icon landscape'>\n\t\t\t\t<a href='https:\/\/ostrowskatv.pl\/?attachment_id=13953'><img loading=\"lazy\" decoding=\"async\" width=\"150\" height=\"150\" src=\"https:\/\/ostrowskatv.pl\/wp-content\/uploads\/2021\/01\/IMG_20210112_0359302-01-150x150.jpeg\" class=\"attachment-thumbnail size-thumbnail\" alt=\"\" \/><\/a>\n\t\t\t<\/div><\/figure><figure class='gallery-item'>\n\t\t\t<div class='gallery-icon landscape'>\n\t\t\t\t<a href='https:\/\/ostrowskatv.pl\/?attachment_id=13951'><img loading=\"lazy\" decoding=\"async\" width=\"150\" height=\"150\" src=\"https:\/\/ostrowskatv.pl\/wp-content\/uploads\/2021\/01\/IMG_20210112_0400093-01-150x150.jpeg\" class=\"attachment-thumbnail size-thumbnail\" alt=\"\" \/><\/a>\n\t\t\t<\/div><\/figure><figure class='gallery-item'>\n\t\t\t<div class='gallery-icon landscape'>\n\t\t\t\t<a href='https:\/\/ostrowskatv.pl\/?attachment_id=13952'><img loading=\"lazy\" decoding=\"async\" width=\"150\" height=\"150\" src=\"https:\/\/ostrowskatv.pl\/wp-content\/uploads\/2021\/01\/IMG_20210112_0400302-01-150x150.jpeg\" class=\"attachment-thumbnail size-thumbnail\" alt=\"\" \/><\/a>\n\t\t\t<\/div><\/figure><figure class='gallery-item'>\n\t\t\t<div class='gallery-icon landscape'>\n\t\t\t\t<a href='https:\/\/ostrowskatv.pl\/?attachment_id=13950'><img loading=\"lazy\" decoding=\"async\" width=\"150\" height=\"150\" src=\"https:\/\/ostrowskatv.pl\/wp-content\/uploads\/2021\/01\/IMG_20210112_0400412-01-150x150.jpeg\" class=\"attachment-thumbnail size-thumbnail\" alt=\"\" \/><\/a>\n\t\t\t<\/div><\/figure><figure class='gallery-item'>\n\t\t\t<div class='gallery-icon landscape'>\n\t\t\t\t<a href='https:\/\/ostrowskatv.pl\/?attachment_id=13949'><img loading=\"lazy\" decoding=\"async\" width=\"150\" height=\"150\" src=\"https:\/\/ostrowskatv.pl\/wp-content\/uploads\/2021\/01\/IMG_20210112_040102-01-150x150.jpeg\" class=\"attachment-thumbnail size-thumbnail\" alt=\"\" \/><\/a>\n\t\t\t<\/div><\/figure>\n\t\t<\/div>\n\n","protected":false},"excerpt":{"rendered":"W Gorzycach Wielkich na ulicy Spacerowej dosz\u0142o do gro\u017anie wygl\u0105daj\u0105cego zdarzenia drogowego z udzia\u0142em samochodu osobowego marki BMW. Po godzinie 3.00 kierowca straci\u0142 \n<a class=\"moretag\" href=\"https:\/\/ostrowskatv.pl\/?p=13955\"> [...]<\/a>","protected":false},"author":1,"featured_media":13949,"comment_status":"open","ping_status":"closed","sticky":false,"template":"","format":"standard","meta":{"footnotes":""},"categories":[1],"tags":[20],"class_list":["post-13955","post","type-post","status-publish","format-standard","has-post-thumbnail","hentry","category-news","tag-gorzyce-wlk"],"_links":{"self":[{"href":"https:\/\/ostrowskatv.pl\/index.php?rest_route=\/wp\/v2\/posts\/13955","targetHints":{"allow":["GET"]}}],"collection":[{"href":"https:\/\/ostrowskatv.pl\/index.php?rest_route=\/wp\/v2\/posts"}],"about":[{"href":"https:\/\/ostrowskatv.pl\/index.php?rest_route=\/wp\/v2\/types\/post"}],"author":[{"embeddable":true,"href":"https:\/\/ostrowskatv.pl\/index.php?rest_route=\/wp\/v2\/users\/1"}],"replies":[{"embeddable":true,"href":"https:\/\/ostrowskatv.pl\/index.php?rest_route=%2Fwp%2Fv2%2Fcomments&post=13955"}],"version-history":[{"count":0,"href":"https:\/\/ostrowskatv.pl\/index.php?rest_route=\/wp\/v2\/posts\/13955\/revisions"}],"wp:featuredmedia":[{"embeddable":true,"href":"https:\/\/ostrowskatv.pl\/index.php?rest_route=\/wp\/v2\/media\/13949"}],"wp:attachment":[{"href":"https:\/\/ostrowskatv.pl\/index.php?rest_route=%2Fwp%2Fv2%2Fmedia&parent=13955"}],"wp:term":[{"taxonomy":"category","embeddable":true,"href":"https:\/\/ostrowskatv.pl\/index.php?rest_route=%2Fwp%2Fv2%2Fcategories&post=13955"},{"taxonomy":"post_tag","embeddable":true,"href":"https:\/\/ostrowskatv.pl\/index.php?rest_route=%2Fwp%2Fv2%2Ftags&post=13955"}],"curies":[{"name":"wp","href":"https:\/\/api.w.org\/{rel}","templated":true}]}}