{"id":1394,"date":"2016-05-17T13:51:29","date_gmt":"2016-05-17T12:51:29","guid":{"rendered":"http:\/\/ostrowska.tv\/?p=1394"},"modified":"2016-05-17T13:51:29","modified_gmt":"2016-05-17T12:51:29","slug":"ostrow-mowi-nowe-logo-miasta-niczym-wc","status":"publish","type":"post","link":"https:\/\/ostrowskatv.pl\/?p=1394","title":{"rendered":"Ostr\u00f3w m\u00f3wi: Nowe logo miasta niczym WC"},"content":{"rendered":"<p><strong>Ostr\u00f3w Wielkopolski ma nowe logo, kt\u00f3re zosta\u0142o oficjalnie zaprezentowane podczas miejskiego festynu MajOSTaszki. Tworz\u0105 je litery &#8222;O&#8221; i &#8222;W&#8221;. Autorem projektu jest zatrudniony w Urz\u0119dzie Miejskim grafik. Co o nowym znaku naszego miasta s\u0105dz\u0105 mieszka\u0144cy?<\/strong><\/p>\n<p>Opinie s\u0105 r\u00f3\u017cne. Jednym logo si\u0119 podoba, innym zdecydowanie mniej. Warto jednak zauwa\u017cy\u0107, \u017ce wielu mieszka\u0144c\u00f3w zwraca uwag\u0119, \u017ce nowy znak miasta jest ma\u0142o czytelny. Niekt\u00f3rzy twierdz\u0105, \u017ce w zbyt ma\u0142ym stopniu kojarzy si\u0119 on z Ostrowem. Wi\u0119cej opinii znajduje si\u0119 w poni\u017cszym materiale wideo. <strong>Zach<\/strong><strong>\u0119camy do ogl<\/strong><strong>\u0105dania i komentowania w formie tekstowej<\/strong>.<\/p>\n<div style=\"width: 640px;\" class=\"wp-video\"><video class=\"wp-video-shortcode\" id=\"video-1394-1\" width=\"640\" height=\"360\" preload=\"metadata\" controls=\"controls\"><source type=\"video\/mp4\" src=\"http:\/\/ostrowska.tv\/wp-content\/uploads\/2016\/05\/sonda-logo.mp4?_=1\" \/><a href=\"http:\/\/ostrowska.tv\/wp-content\/uploads\/2016\/05\/sonda-logo.mp4\">http:\/\/ostrowska.tv\/wp-content\/uploads\/2016\/05\/sonda-logo.mp4<\/a><\/video><\/div>\n<p><img loading=\"lazy\" decoding=\"async\" class=\"alignnone size-full wp-image-1397\" src=\"http:\/\/ostrowska.tv\/wp-content\/uploads\/2016\/05\/logo-ostrow2.jpg\" alt=\"logo-ostrow2\" width=\"623\" height=\"460\" srcset=\"https:\/\/ostrowskatv.pl\/wp-content\/uploads\/2016\/05\/logo-ostrow2.jpg 623w, https:\/\/ostrowskatv.pl\/wp-content\/uploads\/2016\/05\/logo-ostrow2-300x222.jpg 300w, https:\/\/ostrowskatv.pl\/wp-content\/uploads\/2016\/05\/logo-ostrow2-488x360.jpg 488w\" sizes=\"auto, (max-width: 623px) 100vw, 623px\" \/><\/p>\n","protected":false},"excerpt":{"rendered":"Ostr\u00f3w Wielkopolski ma nowe logo, kt\u00f3re zosta\u0142o oficjalnie zaprezentowane podczas miejskiego festynu MajOSTaszki. Tworz\u0105 je litery &#8222;O&#8221; i &#8222;W&#8221;. Autorem projektu jest zatrudniony \n<a class=\"moretag\" href=\"https:\/\/ostrowskatv.pl\/?p=1394\"> [...]<\/a>","protected":false},"author":1,"featured_media":1396,"comment_status":"open","ping_status":"open","sticky":false,"template":"","format":"standard","meta":{"footnotes":""},"categories":[1],"tags":[2],"class_list":["post-1394","post","type-post","status-publish","format-standard","has-post-thumbnail","hentry","category-news","tag-ostrow-wielkopolski"],"_links":{"self":[{"href":"https:\/\/ostrowskatv.pl\/index.php?rest_route=\/wp\/v2\/posts\/1394","targetHints":{"allow":["GET"]}}],"collection":[{"href":"https:\/\/ostrowskatv.pl\/index.php?rest_route=\/wp\/v2\/posts"}],"about":[{"href":"https:\/\/ostrowskatv.pl\/index.php?rest_route=\/wp\/v2\/types\/post"}],"author":[{"embeddable":true,"href":"https:\/\/ostrowskatv.pl\/index.php?rest_route=\/wp\/v2\/users\/1"}],"replies":[{"embeddable":true,"href":"https:\/\/ostrowskatv.pl\/index.php?rest_route=%2Fwp%2Fv2%2Fcomments&post=1394"}],"version-history":[{"count":0,"href":"https:\/\/ostrowskatv.pl\/index.php?rest_route=\/wp\/v2\/posts\/1394\/revisions"}],"wp:featuredmedia":[{"embeddable":true,"href":"https:\/\/ostrowskatv.pl\/index.php?rest_route=\/wp\/v2\/media\/1396"}],"wp:attachment":[{"href":"https:\/\/ostrowskatv.pl\/index.php?rest_route=%2Fwp%2Fv2%2Fmedia&parent=1394"}],"wp:term":[{"taxonomy":"category","embeddable":true,"href":"https:\/\/ostrowskatv.pl\/index.php?rest_route=%2Fwp%2Fv2%2Fcategories&post=1394"},{"taxonomy":"post_tag","embeddable":true,"href":"https:\/\/ostrowskatv.pl\/index.php?rest_route=%2Fwp%2Fv2%2Ftags&post=1394"}],"curies":[{"name":"wp","href":"https:\/\/api.w.org\/{rel}","templated":true}]}}