{"id":13932,"date":"2021-01-08T20:44:53","date_gmt":"2021-01-08T19:44:53","guid":{"rendered":"http:\/\/ostrowska.tv\/?p=13932"},"modified":"2021-01-08T22:22:47","modified_gmt":"2021-01-08T21:22:47","slug":"pieszy-wpadl-do-auta-zginal-na-miejscu","status":"publish","type":"post","link":"https:\/\/ostrowskatv.pl\/?p=13932","title":{"rendered":"Pieszy wpad\u0142 do auta. Zgin\u0105\u0142 na miejscu"},"content":{"rendered":"<p><strong>W pi\u0105tek dosz\u0142o do \u015bmiertelnego potr\u0105cenia na drodze O\u0142obok &#8211; Wielowie\u015b. Przed godzin\u0105 20 z nieznanych przyczyn Volkswagen potr\u0105ci\u0142 pieszego. Samoch\u00f3d zatrzyma\u0142 si\u0119 w polu.<\/strong><\/p>\n<p>Pieszy po zdarzeniu cz\u0119\u015bciowo znajdowa\u0142 si\u0119 wewn\u0105trz auta, kt\u00f3re go potr\u0105ci\u0142o. Po uwolnieniu osoby poszkodowanej, nie dawa\u0142 oznak \u017cycia. Odst\u0105piono od reanimacji. Lekarz stwierdzi\u0142 zgon m\u0119\u017cczyzny. Trwa ustalanie szczeg\u00f3\u0142\u00f3w wypadku.<\/p>\n<div id='gallery-1' class='gallery galleryid-13932 gallery-columns-3 gallery-size-thumbnail'><figure class='gallery-item'>\n\t\t\t<div class='gallery-icon landscape'>\n\t\t\t\t<a href='https:\/\/ostrowskatv.pl\/?attachment_id=13933'><img loading=\"lazy\" decoding=\"async\" width=\"150\" height=\"150\" src=\"https:\/\/ostrowskatv.pl\/wp-content\/uploads\/2021\/01\/IMG_20210108_203224-01-150x150.jpeg\" class=\"attachment-thumbnail size-thumbnail\" alt=\"\" \/><\/a>\n\t\t\t<\/div><\/figure><figure class='gallery-item'>\n\t\t\t<div class='gallery-icon landscape'>\n\t\t\t\t<a href='https:\/\/ostrowskatv.pl\/?attachment_id=13935'><img loading=\"lazy\" decoding=\"async\" width=\"150\" height=\"150\" src=\"https:\/\/ostrowskatv.pl\/wp-content\/uploads\/2021\/01\/IMG_20210108_2033102-01-150x150.jpeg\" class=\"attachment-thumbnail size-thumbnail\" alt=\"\" \/><\/a>\n\t\t\t<\/div><\/figure><figure class='gallery-item'>\n\t\t\t<div class='gallery-icon landscape'>\n\t\t\t\t<a href='https:\/\/ostrowskatv.pl\/?attachment_id=13936'><img loading=\"lazy\" decoding=\"async\" width=\"150\" height=\"150\" src=\"https:\/\/ostrowskatv.pl\/wp-content\/uploads\/2021\/01\/IMG_20210108_2034462-01-150x150.jpeg\" class=\"attachment-thumbnail size-thumbnail\" alt=\"\" \/><\/a>\n\t\t\t<\/div><\/figure><figure class='gallery-item'>\n\t\t\t<div class='gallery-icon landscape'>\n\t\t\t\t<a href='https:\/\/ostrowskatv.pl\/?attachment_id=13938'><img loading=\"lazy\" decoding=\"async\" width=\"150\" height=\"150\" src=\"https:\/\/ostrowskatv.pl\/wp-content\/uploads\/2021\/01\/IMG_20210108_205113-01-150x150.jpeg\" class=\"attachment-thumbnail size-thumbnail\" alt=\"\" \/><\/a>\n\t\t\t<\/div><\/figure><figure class='gallery-item'>\n\t\t\t<div class='gallery-icon landscape'>\n\t\t\t\t<a href='https:\/\/ostrowskatv.pl\/?attachment_id=13940'><img loading=\"lazy\" decoding=\"async\" width=\"150\" height=\"150\" src=\"https:\/\/ostrowskatv.pl\/wp-content\/uploads\/2021\/01\/IMG_20210108_2034332-01-01-150x150.jpeg\" class=\"attachment-thumbnail size-thumbnail\" alt=\"\" \/><\/a>\n\t\t\t<\/div><\/figure>\n\t\t<\/div>\n\n","protected":false},"excerpt":{"rendered":"W pi\u0105tek dosz\u0142o do \u015bmiertelnego potr\u0105cenia na drodze O\u0142obok &#8211; Wielowie\u015b. Przed godzin\u0105 20 z nieznanych przyczyn Volkswagen potr\u0105ci\u0142 pieszego. Samoch\u00f3d zatrzyma\u0142 si\u0119 \n<a class=\"moretag\" href=\"https:\/\/ostrowskatv.pl\/?p=13932\"> [...]<\/a>","protected":false},"author":1,"featured_media":13936,"comment_status":"open","ping_status":"closed","sticky":false,"template":"","format":"standard","meta":{"footnotes":""},"categories":[1],"tags":[172],"class_list":["post-13932","post","type-post","status-publish","format-standard","has-post-thumbnail","hentry","category-news","tag-olobok"],"_links":{"self":[{"href":"https:\/\/ostrowskatv.pl\/index.php?rest_route=\/wp\/v2\/posts\/13932","targetHints":{"allow":["GET"]}}],"collection":[{"href":"https:\/\/ostrowskatv.pl\/index.php?rest_route=\/wp\/v2\/posts"}],"about":[{"href":"https:\/\/ostrowskatv.pl\/index.php?rest_route=\/wp\/v2\/types\/post"}],"author":[{"embeddable":true,"href":"https:\/\/ostrowskatv.pl\/index.php?rest_route=\/wp\/v2\/users\/1"}],"replies":[{"embeddable":true,"href":"https:\/\/ostrowskatv.pl\/index.php?rest_route=%2Fwp%2Fv2%2Fcomments&post=13932"}],"version-history":[{"count":0,"href":"https:\/\/ostrowskatv.pl\/index.php?rest_route=\/wp\/v2\/posts\/13932\/revisions"}],"wp:featuredmedia":[{"embeddable":true,"href":"https:\/\/ostrowskatv.pl\/index.php?rest_route=\/wp\/v2\/media\/13936"}],"wp:attachment":[{"href":"https:\/\/ostrowskatv.pl\/index.php?rest_route=%2Fwp%2Fv2%2Fmedia&parent=13932"}],"wp:term":[{"taxonomy":"category","embeddable":true,"href":"https:\/\/ostrowskatv.pl\/index.php?rest_route=%2Fwp%2Fv2%2Fcategories&post=13932"},{"taxonomy":"post_tag","embeddable":true,"href":"https:\/\/ostrowskatv.pl\/index.php?rest_route=%2Fwp%2Fv2%2Ftags&post=13932"}],"curies":[{"name":"wp","href":"https:\/\/api.w.org\/{rel}","templated":true}]}}