{"id":13929,"date":"2021-01-08T19:01:00","date_gmt":"2021-01-08T18:01:00","guid":{"rendered":"http:\/\/ostrowska.tv\/?p=13929"},"modified":"2021-01-08T19:01:00","modified_gmt":"2021-01-08T18:01:00","slug":"gdzie-sie-zgubila-grypa-w-powiecie-ostrowskim","status":"publish","type":"post","link":"https:\/\/ostrowskatv.pl\/?p=13929","title":{"rendered":"Gdzie si\u0119 zgubi\u0142a grypa w powiecie ostrowskim?"},"content":{"rendered":"<p><strong>Sprawdzili\u015bmy jak wygl\u0105da kwestia zachorowa\u0144 na gryp\u0119, kt\u00f3ra na pocz\u0105tku ka\u017cdego roku odnotowywa\u0142a bardzo wysokie pozycje w\u015br\u00f3d chor\u00f3b. Z niewiadomego dla nas powodu grypa jest na wygini\u0119ciu. W ci\u0105gu tygodnia odnotowano raptem 150 przypadk\u00f3w grypy. W analogicznym okresie czasie rok temu by\u0142o ich a\u017c 1350.<\/strong><\/p>\n<p>Dla por\u00f3wnania liczba zaka\u017ce\u0144 w powiecie ostrowskim w ostatnich dniach wynios\u0142a: 150. Tym samym wyparowa\u0142o gdzie\u015b 1200 os\u00f3b zaka\u017conych gryp\u0105.<\/p>\n","protected":false},"excerpt":{"rendered":"Sprawdzili\u015bmy jak wygl\u0105da kwestia zachorowa\u0144 na gryp\u0119, kt\u00f3ra na pocz\u0105tku ka\u017cdego roku odnotowywa\u0142a bardzo wysokie pozycje w\u015br\u00f3d chor\u00f3b. Z niewiadomego dla nas powodu \n<a class=\"moretag\" href=\"https:\/\/ostrowskatv.pl\/?p=13929\"> [...]<\/a>","protected":false},"author":1,"featured_media":13930,"comment_status":"open","ping_status":"closed","sticky":false,"template":"","format":"standard","meta":{"footnotes":""},"categories":[1],"tags":[56],"class_list":["post-13929","post","type-post","status-publish","format-standard","has-post-thumbnail","hentry","category-news","tag-zdrowie"],"_links":{"self":[{"href":"https:\/\/ostrowskatv.pl\/index.php?rest_route=\/wp\/v2\/posts\/13929","targetHints":{"allow":["GET"]}}],"collection":[{"href":"https:\/\/ostrowskatv.pl\/index.php?rest_route=\/wp\/v2\/posts"}],"about":[{"href":"https:\/\/ostrowskatv.pl\/index.php?rest_route=\/wp\/v2\/types\/post"}],"author":[{"embeddable":true,"href":"https:\/\/ostrowskatv.pl\/index.php?rest_route=\/wp\/v2\/users\/1"}],"replies":[{"embeddable":true,"href":"https:\/\/ostrowskatv.pl\/index.php?rest_route=%2Fwp%2Fv2%2Fcomments&post=13929"}],"version-history":[{"count":0,"href":"https:\/\/ostrowskatv.pl\/index.php?rest_route=\/wp\/v2\/posts\/13929\/revisions"}],"wp:featuredmedia":[{"embeddable":true,"href":"https:\/\/ostrowskatv.pl\/index.php?rest_route=\/wp\/v2\/media\/13930"}],"wp:attachment":[{"href":"https:\/\/ostrowskatv.pl\/index.php?rest_route=%2Fwp%2Fv2%2Fmedia&parent=13929"}],"wp:term":[{"taxonomy":"category","embeddable":true,"href":"https:\/\/ostrowskatv.pl\/index.php?rest_route=%2Fwp%2Fv2%2Fcategories&post=13929"},{"taxonomy":"post_tag","embeddable":true,"href":"https:\/\/ostrowskatv.pl\/index.php?rest_route=%2Fwp%2Fv2%2Ftags&post=13929"}],"curies":[{"name":"wp","href":"https:\/\/api.w.org\/{rel}","templated":true}]}}