{"id":13927,"date":"2021-01-07T18:23:25","date_gmt":"2021-01-07T17:23:25","guid":{"rendered":"http:\/\/ostrowska.tv\/?p=13927"},"modified":"2021-01-07T18:23:25","modified_gmt":"2021-01-07T17:23:25","slug":"dwie-kolizje-jedna-po-drugiej","status":"publish","type":"post","link":"https:\/\/ostrowskatv.pl\/?p=13927","title":{"rendered":"Dwie kolizje jedna po drugiej"},"content":{"rendered":"<p><strong>Do dw\u00f3ch kolizji dosz\u0142o w czwartek na skrzy\u017cowaniu Alei S\u0142owackiego z Konopnickiej. Najpierw kierowca Dacii jad\u0105c od strony Raszkowskiej, najprawdopodobniej na zielonej strza\u0142ce, przeje\u017cd\u017ca\u0142 na wprost przez Alej\u0119. Wtedy uderzy\u0142 w bok Citroena, kt\u00f3rym podr\u00f3\u017cowa\u0142o dw\u00f3ch m\u0119\u017cczyzn z powiatu krotoszy\u0144skiego. W zdarzeniu nikt nie ucierpia\u0142.<\/strong><\/p>\n<p>Kiedy pierwsza kolizja dobiega\u0142a ko\u0144ca, a na miejscu pojawi\u0142a si\u0119 laweta, dosz\u0142o do drugiej kolizji. Kobieta z Forda zatrzyma\u0142a si\u0119 za lawet\u0105 zje\u017cd\u017caj\u0105c\u0105 na pobocze. Niestety przedstawiciel firmowy jednego z browar\u00f3w uderzy\u0142 w ty\u0142 zatrzymanego Forda. Zar\u00f3wno on jak i Renault Kangoo zosta\u0142y tak\u017ce odholowane.<\/p>\n<div id='gallery-1' class='gallery galleryid-13927 gallery-columns-3 gallery-size-thumbnail'><figure class='gallery-item'>\n\t\t\t<div class='gallery-icon landscape'>\n\t\t\t\t<a href='https:\/\/ostrowskatv.pl\/wp-content\/uploads\/2021\/01\/IMG_20210107_114848-01.jpeg'><img loading=\"lazy\" decoding=\"async\" width=\"150\" height=\"150\" src=\"https:\/\/ostrowskatv.pl\/wp-content\/uploads\/2021\/01\/IMG_20210107_114848-01-150x150.jpeg\" class=\"attachment-thumbnail size-thumbnail\" alt=\"\" \/><\/a>\n\t\t\t<\/div><\/figure><figure class='gallery-item'>\n\t\t\t<div class='gallery-icon landscape'>\n\t\t\t\t<a href='https:\/\/ostrowskatv.pl\/wp-content\/uploads\/2021\/01\/IMG_20210107_115048-01.jpeg'><img loading=\"lazy\" decoding=\"async\" width=\"150\" height=\"150\" src=\"https:\/\/ostrowskatv.pl\/wp-content\/uploads\/2021\/01\/IMG_20210107_115048-01-150x150.jpeg\" class=\"attachment-thumbnail size-thumbnail\" alt=\"\" \/><\/a>\n\t\t\t<\/div><\/figure><figure class='gallery-item'>\n\t\t\t<div class='gallery-icon landscape'>\n\t\t\t\t<a href='https:\/\/ostrowskatv.pl\/wp-content\/uploads\/2021\/01\/IMG_20210107_121007-01.jpeg'><img loading=\"lazy\" decoding=\"async\" width=\"150\" height=\"150\" src=\"https:\/\/ostrowskatv.pl\/wp-content\/uploads\/2021\/01\/IMG_20210107_121007-01-150x150.jpeg\" class=\"attachment-thumbnail size-thumbnail\" alt=\"\" \/><\/a>\n\t\t\t<\/div><\/figure>\n\t\t<\/div>\n\n","protected":false},"excerpt":{"rendered":"Do dw\u00f3ch kolizji dosz\u0142o w czwartek na skrzy\u017cowaniu Alei S\u0142owackiego z Konopnickiej. Najpierw kierowca Dacii jad\u0105c od strony Raszkowskiej, najprawdopodobniej na zielonej strza\u0142ce, \n<a class=\"moretag\" href=\"https:\/\/ostrowskatv.pl\/?p=13927\"> [...]<\/a>","protected":false},"author":1,"featured_media":13925,"comment_status":"open","ping_status":"closed","sticky":false,"template":"","format":"standard","meta":{"footnotes":""},"categories":[1],"tags":[2],"class_list":["post-13927","post","type-post","status-publish","format-standard","has-post-thumbnail","hentry","category-news","tag-ostrow-wielkopolski"],"_links":{"self":[{"href":"https:\/\/ostrowskatv.pl\/index.php?rest_route=\/wp\/v2\/posts\/13927","targetHints":{"allow":["GET"]}}],"collection":[{"href":"https:\/\/ostrowskatv.pl\/index.php?rest_route=\/wp\/v2\/posts"}],"about":[{"href":"https:\/\/ostrowskatv.pl\/index.php?rest_route=\/wp\/v2\/types\/post"}],"author":[{"embeddable":true,"href":"https:\/\/ostrowskatv.pl\/index.php?rest_route=\/wp\/v2\/users\/1"}],"replies":[{"embeddable":true,"href":"https:\/\/ostrowskatv.pl\/index.php?rest_route=%2Fwp%2Fv2%2Fcomments&post=13927"}],"version-history":[{"count":0,"href":"https:\/\/ostrowskatv.pl\/index.php?rest_route=\/wp\/v2\/posts\/13927\/revisions"}],"wp:featuredmedia":[{"embeddable":true,"href":"https:\/\/ostrowskatv.pl\/index.php?rest_route=\/wp\/v2\/media\/13925"}],"wp:attachment":[{"href":"https:\/\/ostrowskatv.pl\/index.php?rest_route=%2Fwp%2Fv2%2Fmedia&parent=13927"}],"wp:term":[{"taxonomy":"category","embeddable":true,"href":"https:\/\/ostrowskatv.pl\/index.php?rest_route=%2Fwp%2Fv2%2Fcategories&post=13927"},{"taxonomy":"post_tag","embeddable":true,"href":"https:\/\/ostrowskatv.pl\/index.php?rest_route=%2Fwp%2Fv2%2Ftags&post=13927"}],"curies":[{"name":"wp","href":"https:\/\/api.w.org\/{rel}","templated":true}]}}