{"id":13917,"date":"2021-01-05T13:45:46","date_gmt":"2021-01-05T12:45:46","guid":{"rendered":"http:\/\/ostrowska.tv\/?p=13917"},"modified":"2021-01-05T18:26:42","modified_gmt":"2021-01-05T17:26:42","slug":"13917","status":"publish","type":"post","link":"https:\/\/ostrowskatv.pl\/?p=13917","title":{"rendered":"Prze\u017cy\u0142 atak siekier\u0105"},"content":{"rendered":"<p>73-letni p. W\u0142adys\u0142aw zosta\u0142 zaatakowany i raniony siekier\u0105. Dramatyczne wydarzenia rozegra\u0142y si\u0119 dzi\u015b przed po\u0142udniem na pl. Kili\u0144skiego w Kaliszu. Sprawca uciek\u0142 pierwotnie, ale zosta\u0142 uj\u0119ty. &#8211; informuje portal <a href=\"http:\/\/faktykaliskie.pl\/wiadomosci\/wydarzenia\/dramatyczne-sceny-na-pl-kilinskiego-w-kaliszu-mezczyzna-zaatakowany-siekiera-na-ulicy,3881.html\">faktykaliskie.pl<\/a><\/p>\n<p>Do zdarzenia dosz\u0142o w bia\u0142y dzie\u0144 \u2013 przed godz. 11.00 we wtorek, 5 stycznia. <\/p>\n<p>Pan W\u0142adys\u0142aw twierdzi, \u017ce znany mu z widzenia napastnik nagle, bez powodu wyci\u0105gn\u0105\u0142 spod kurtki siekier\u0119 i za machn\u0105\u0142 si\u0119 w stron\u0119 jego g\u0142owy. Pan W\u0142adys\u0142aw pr\u00f3bowa\u0142 zas\u0142oni\u0107 si\u0119 r\u0119k\u0105, ale dwukrotnie ostrze siekiery dosi\u0119g\u0142o jego g\u0142owy. <\/p>\n<p>Napastnik po zdarzeniu oddali\u0142 si\u0119. <\/p>\n<p>Poszkodowany trafi\u0142 do szpitala, natomiast w poszukiwaniu domniemanego sprawcy policja przeszukiwa\u0142a m.in. Park Miejski. 76-letni<br \/>\n m\u0119\u017cczyzna zosta\u0142 zatrzymany. <\/p>\n<p>\u017byciu napadni\u0119tego m\u0119\u017cczyzny nic nie zagra\u017ca. &#8211; Trafi\u0142 do nas przytomny, zosta\u0142 zaopatrzony chirurgicznie i jest w trakcie diagnostyki. \u2013 informuje Pawe\u0142 Gawro\u0144sk, rzecznik prasowy szpitala.<\/p>\n<p>Z naszych ustale\u0144 wynika, \u017ce za\u0142o\u017cono kilkana\u015bcie szw\u00f3w i dosz\u0142o do p\u0119kni\u0119cia czaszki. M\u0119\u017cczyzna po zaopatrzeniu opu\u015bci\u0142 szpital. <\/p>\n<div id='gallery-1' class='gallery galleryid-13917 gallery-columns-3 gallery-size-thumbnail'><figure class='gallery-item'>\n\t\t\t<div class='gallery-icon portrait'>\n\t\t\t\t<a href='https:\/\/ostrowskatv.pl\/?attachment_id=13918'><img loading=\"lazy\" decoding=\"async\" width=\"150\" height=\"150\" src=\"https:\/\/ostrowskatv.pl\/wp-content\/uploads\/2021\/01\/IMG_20210105_131544-01-150x150.jpeg\" class=\"attachment-thumbnail size-thumbnail\" alt=\"\" \/><\/a>\n\t\t\t<\/div><\/figure><figure class='gallery-item'>\n\t\t\t<div class='gallery-icon portrait'>\n\t\t\t\t<a href='https:\/\/ostrowskatv.pl\/?attachment_id=13919'><img loading=\"lazy\" decoding=\"async\" width=\"150\" height=\"150\" src=\"https:\/\/ostrowskatv.pl\/wp-content\/uploads\/2021\/01\/IMG_20210105_131418-01-150x150.jpeg\" class=\"attachment-thumbnail size-thumbnail\" alt=\"\" \/><\/a>\n\t\t\t<\/div><\/figure>\n\t\t<\/div>\n\n","protected":false},"excerpt":{"rendered":"73-letni p. W\u0142adys\u0142aw zosta\u0142 zaatakowany i raniony siekier\u0105. Dramatyczne wydarzenia rozegra\u0142y si\u0119 dzi\u015b przed po\u0142udniem na pl. Kili\u0144skiego w Kaliszu. Sprawca uciek\u0142 pierwotnie, \n<a class=\"moretag\" href=\"https:\/\/ostrowskatv.pl\/?p=13917\"> [...]<\/a>","protected":false},"author":1,"featured_media":13918,"comment_status":"open","ping_status":"closed","sticky":false,"template":"","format":"standard","meta":{"footnotes":""},"categories":[1],"tags":[80],"class_list":["post-13917","post","type-post","status-publish","format-standard","has-post-thumbnail","hentry","category-news","tag-kalisz"],"_links":{"self":[{"href":"https:\/\/ostrowskatv.pl\/index.php?rest_route=\/wp\/v2\/posts\/13917","targetHints":{"allow":["GET"]}}],"collection":[{"href":"https:\/\/ostrowskatv.pl\/index.php?rest_route=\/wp\/v2\/posts"}],"about":[{"href":"https:\/\/ostrowskatv.pl\/index.php?rest_route=\/wp\/v2\/types\/post"}],"author":[{"embeddable":true,"href":"https:\/\/ostrowskatv.pl\/index.php?rest_route=\/wp\/v2\/users\/1"}],"replies":[{"embeddable":true,"href":"https:\/\/ostrowskatv.pl\/index.php?rest_route=%2Fwp%2Fv2%2Fcomments&post=13917"}],"version-history":[{"count":0,"href":"https:\/\/ostrowskatv.pl\/index.php?rest_route=\/wp\/v2\/posts\/13917\/revisions"}],"wp:featuredmedia":[{"embeddable":true,"href":"https:\/\/ostrowskatv.pl\/index.php?rest_route=\/wp\/v2\/media\/13918"}],"wp:attachment":[{"href":"https:\/\/ostrowskatv.pl\/index.php?rest_route=%2Fwp%2Fv2%2Fmedia&parent=13917"}],"wp:term":[{"taxonomy":"category","embeddable":true,"href":"https:\/\/ostrowskatv.pl\/index.php?rest_route=%2Fwp%2Fv2%2Fcategories&post=13917"},{"taxonomy":"post_tag","embeddable":true,"href":"https:\/\/ostrowskatv.pl\/index.php?rest_route=%2Fwp%2Fv2%2Ftags&post=13917"}],"curies":[{"name":"wp","href":"https:\/\/api.w.org\/{rel}","templated":true}]}}