{"id":13914,"date":"2021-01-04T19:21:03","date_gmt":"2021-01-04T18:21:03","guid":{"rendered":"http:\/\/ostrowska.tv\/?p=13914"},"modified":"2021-01-04T19:21:03","modified_gmt":"2021-01-04T18:21:03","slug":"wojt-zelazkowa-zorganizowal-impreze-podczas-pandemii","status":"publish","type":"post","link":"https:\/\/ostrowskatv.pl\/?p=13914","title":{"rendered":"W\u00f3jt \u017belazkowa zorganizowa\u0142 imprez\u0119 podczas pandemii"},"content":{"rendered":"<p><strong>W\u00f3jt gm. \u017belazk\u00f3w zorganizowa\u0142 &#8222;spotkanie \u015bwi\u0105teczno-noworoczne&#8221; dla kilkudziesi\u0119ciu os\u00f3b. Na spotkaniu by\u0142a w\u00f3deczka, a tak\u017ce wypasiony catering. Wszystko to w czasach pandemii, bez maseczek i w lokalnym Domu Seniora. Zaproszeni byli radni, a tak\u017ce kierownicy gminnych instytucji. Jedn\u0105 z nich jest syn w\u00f3jt, zatrudniony w lokalnej sp\u00f3\u0142ce na kierowniczym stanowisku. Zgromadzeni nie mieli maseczek i beztrosko zajadali si\u0119 i popijali przy jednym stole.\u00a0<\/strong><\/p>\n<p>Kiedy na miejsce przyjecha\u0142a policja, w\u00f3jta pr\u00f3bowano wyprowadzi\u0107 tylnymi drzwiami, ale czeka\u0142 tam na niego reporter TVN Uwagi. \u015awiat\u0142a w sali zgas\u0142y, a zgromadzeni pochowali si\u0119 po k\u0105tach udaj\u0105c, \u017ce impreza si\u0119 zako\u0144czy\u0142a. Funkcjonariusze z komisariatu w Stawiszynie po\u015bwiecili latarkami i odjechali. Nied\u0142ugo potem uczestnicy biesiady rozeszli si\u0119 do dom\u00f3w.<\/p>\n","protected":false},"excerpt":{"rendered":"W\u00f3jt gm. \u017belazk\u00f3w zorganizowa\u0142 &#8222;spotkanie \u015bwi\u0105teczno-noworoczne&#8221; dla kilkudziesi\u0119ciu os\u00f3b. Na spotkaniu by\u0142a w\u00f3deczka, a tak\u017ce wypasiony catering. Wszystko to w czasach pandemii, bez \n<a class=\"moretag\" href=\"https:\/\/ostrowskatv.pl\/?p=13914\"> [...]<\/a>","protected":false},"author":1,"featured_media":13915,"comment_status":"open","ping_status":"closed","sticky":false,"template":"","format":"standard","meta":{"footnotes":""},"categories":[1],"tags":[195],"class_list":["post-13914","post","type-post","status-publish","format-standard","has-post-thumbnail","hentry","category-news","tag-koronawirus"],"_links":{"self":[{"href":"https:\/\/ostrowskatv.pl\/index.php?rest_route=\/wp\/v2\/posts\/13914","targetHints":{"allow":["GET"]}}],"collection":[{"href":"https:\/\/ostrowskatv.pl\/index.php?rest_route=\/wp\/v2\/posts"}],"about":[{"href":"https:\/\/ostrowskatv.pl\/index.php?rest_route=\/wp\/v2\/types\/post"}],"author":[{"embeddable":true,"href":"https:\/\/ostrowskatv.pl\/index.php?rest_route=\/wp\/v2\/users\/1"}],"replies":[{"embeddable":true,"href":"https:\/\/ostrowskatv.pl\/index.php?rest_route=%2Fwp%2Fv2%2Fcomments&post=13914"}],"version-history":[{"count":0,"href":"https:\/\/ostrowskatv.pl\/index.php?rest_route=\/wp\/v2\/posts\/13914\/revisions"}],"wp:featuredmedia":[{"embeddable":true,"href":"https:\/\/ostrowskatv.pl\/index.php?rest_route=\/wp\/v2\/media\/13915"}],"wp:attachment":[{"href":"https:\/\/ostrowskatv.pl\/index.php?rest_route=%2Fwp%2Fv2%2Fmedia&parent=13914"}],"wp:term":[{"taxonomy":"category","embeddable":true,"href":"https:\/\/ostrowskatv.pl\/index.php?rest_route=%2Fwp%2Fv2%2Fcategories&post=13914"},{"taxonomy":"post_tag","embeddable":true,"href":"https:\/\/ostrowskatv.pl\/index.php?rest_route=%2Fwp%2Fv2%2Ftags&post=13914"}],"curies":[{"name":"wp","href":"https:\/\/api.w.org\/{rel}","templated":true}]}}