{"id":13903,"date":"2021-01-04T11:10:05","date_gmt":"2021-01-04T10:10:05","guid":{"rendered":"http:\/\/ostrowska.tv\/?p=13903"},"modified":"2021-01-04T13:22:17","modified_gmt":"2021-01-04T12:22:17","slug":"pozar-sauny","status":"publish","type":"post","link":"https:\/\/ostrowskatv.pl\/?p=13903","title":{"rendered":"Po\u017car sauny"},"content":{"rendered":"<p><strong>W niedzielne po\u0142udnie dosz\u0142o do po\u017caru prywatnej sauny w budynku wolnostoj\u0105cym, na terenie jednej z posesji w Ostrowie Wlkp. Najprawdopodobniej dosz\u0142o do samozap\u0142onu drewnianej konstrukcji budynku w miejscu wyj\u015bcia komina na zewn\u0105trz. Niekt\u00f3re gatunki drzew osi\u0105gaj\u0105 temperatur\u0119 samozap\u0142onu przy 210 stopniach C.<\/strong><\/p>\n<p>Ogie\u0144 przedosta\u0142 si\u0119 do przestrzeni pomi\u0119dzy drewnianym sufitem, a blach\u0105. Wezwani na miejsce stra\u017cacy gasili po\u017car od wn\u0119trza, cz\u0119\u015bciowo rozbieraj\u0105c sufit, a nast\u0119pnie od zewn\u0105trz zrywaj\u0105c blach\u0119.<\/p>\n<p>Po\u017car zauwa\u017cono w do\u015b\u0107 wczesnej fazie i wn\u0119trze budynku nie zd\u0105\u017cy\u0142o zosta\u0107 obj\u0119te ogniem. Mieszka\u0144cy posesji podj\u0119li akcj\u0119 ga\u015bnicz\u0105 za pomoc\u0105 wody wylewanej z wiader, z w\u0119\u017ca ogrodowego i ga\u015bnic.<\/p>\n<p>W chwili zdarzenia nikogo nie by\u0142o w \u015brodku i nikt nie zosta\u0142 poszkodowany. Przegl\u0105daj\u0105c doniesienia prasowe z Polski, okazuje si\u0119, \u017ce po\u017carom ulegaj\u0105 sauny zar\u00f3wno te wyposa\u017cone w tradycyjne kominki jak i w piece elektryczne. Wypadki zdarzaj\u0105 si\u0119 w saunach wolnostoj\u0105cych na prywatnych posesjach jak i w tych w hotelach.<\/p>\n<p>Tak\u017ce jak wida\u0107 w przypadku tej atrakcji trzeba szczeg\u00f3lnie uwa\u017ca\u0107.<\/p>\n<div id='gallery-1' class='gallery galleryid-13903 gallery-columns-3 gallery-size-thumbnail'><figure class='gallery-item'>\n\t\t\t<div class='gallery-icon landscape'>\n\t\t\t\t<a href='https:\/\/ostrowskatv.pl\/?attachment_id=13905'><img loading=\"lazy\" decoding=\"async\" width=\"150\" height=\"150\" src=\"https:\/\/ostrowskatv.pl\/wp-content\/uploads\/2021\/01\/IMG_20210103_1414022-01-150x150.jpeg\" class=\"attachment-thumbnail size-thumbnail\" alt=\"\" \/><\/a>\n\t\t\t<\/div><\/figure><figure class='gallery-item'>\n\t\t\t<div class='gallery-icon landscape'>\n\t\t\t\t<a href='https:\/\/ostrowskatv.pl\/?attachment_id=13906'><img loading=\"lazy\" decoding=\"async\" width=\"150\" height=\"150\" src=\"https:\/\/ostrowskatv.pl\/wp-content\/uploads\/2021\/01\/IMG_20210103_1415562-01-150x150.jpeg\" class=\"attachment-thumbnail size-thumbnail\" alt=\"\" \/><\/a>\n\t\t\t<\/div><\/figure><figure class='gallery-item'>\n\t\t\t<div class='gallery-icon portrait'>\n\t\t\t\t<a href='https:\/\/ostrowskatv.pl\/?attachment_id=13907'><img loading=\"lazy\" decoding=\"async\" width=\"150\" height=\"150\" src=\"https:\/\/ostrowskatv.pl\/wp-content\/uploads\/2021\/01\/IMG_20210103_1518542-01-150x150.jpeg\" class=\"attachment-thumbnail size-thumbnail\" alt=\"\" \/><\/a>\n\t\t\t<\/div><\/figure><figure class='gallery-item'>\n\t\t\t<div class='gallery-icon landscape'>\n\t\t\t\t<a href='https:\/\/ostrowskatv.pl\/?attachment_id=13908'><img loading=\"lazy\" decoding=\"async\" width=\"150\" height=\"150\" src=\"https:\/\/ostrowskatv.pl\/wp-content\/uploads\/2021\/01\/received_4484653395122472-01-150x150.jpeg\" class=\"attachment-thumbnail size-thumbnail\" alt=\"\" \/><\/a>\n\t\t\t<\/div><\/figure><figure class='gallery-item'>\n\t\t\t<div class='gallery-icon landscape'>\n\t\t\t\t<a href='https:\/\/ostrowskatv.pl\/?attachment_id=13910'><img loading=\"lazy\" decoding=\"async\" width=\"150\" height=\"150\" src=\"https:\/\/ostrowskatv.pl\/wp-content\/uploads\/2021\/01\/IMG_20210103_124150_12-01-150x150.jpeg\" class=\"attachment-thumbnail size-thumbnail\" alt=\"\" \/><\/a>\n\t\t\t<\/div><\/figure>\n\t\t<\/div>\n\n","protected":false},"excerpt":{"rendered":"W niedzielne po\u0142udnie dosz\u0142o do po\u017caru prywatnej sauny w budynku wolnostoj\u0105cym, na terenie jednej z posesji w Ostrowie Wlkp. Najprawdopodobniej dosz\u0142o do samozap\u0142onu \n<a class=\"moretag\" href=\"https:\/\/ostrowskatv.pl\/?p=13903\"> [...]<\/a>","protected":false},"author":1,"featured_media":13908,"comment_status":"open","ping_status":"closed","sticky":false,"template":"","format":"standard","meta":{"footnotes":""},"categories":[1],"tags":[2],"class_list":["post-13903","post","type-post","status-publish","format-standard","has-post-thumbnail","hentry","category-news","tag-ostrow-wielkopolski"],"_links":{"self":[{"href":"https:\/\/ostrowskatv.pl\/index.php?rest_route=\/wp\/v2\/posts\/13903","targetHints":{"allow":["GET"]}}],"collection":[{"href":"https:\/\/ostrowskatv.pl\/index.php?rest_route=\/wp\/v2\/posts"}],"about":[{"href":"https:\/\/ostrowskatv.pl\/index.php?rest_route=\/wp\/v2\/types\/post"}],"author":[{"embeddable":true,"href":"https:\/\/ostrowskatv.pl\/index.php?rest_route=\/wp\/v2\/users\/1"}],"replies":[{"embeddable":true,"href":"https:\/\/ostrowskatv.pl\/index.php?rest_route=%2Fwp%2Fv2%2Fcomments&post=13903"}],"version-history":[{"count":0,"href":"https:\/\/ostrowskatv.pl\/index.php?rest_route=\/wp\/v2\/posts\/13903\/revisions"}],"wp:featuredmedia":[{"embeddable":true,"href":"https:\/\/ostrowskatv.pl\/index.php?rest_route=\/wp\/v2\/media\/13908"}],"wp:attachment":[{"href":"https:\/\/ostrowskatv.pl\/index.php?rest_route=%2Fwp%2Fv2%2Fmedia&parent=13903"}],"wp:term":[{"taxonomy":"category","embeddable":true,"href":"https:\/\/ostrowskatv.pl\/index.php?rest_route=%2Fwp%2Fv2%2Fcategories&post=13903"},{"taxonomy":"post_tag","embeddable":true,"href":"https:\/\/ostrowskatv.pl\/index.php?rest_route=%2Fwp%2Fv2%2Ftags&post=13903"}],"curies":[{"name":"wp","href":"https:\/\/api.w.org\/{rel}","templated":true}]}}