{"id":13835,"date":"2020-12-26T20:12:55","date_gmt":"2020-12-26T19:12:55","guid":{"rendered":"http:\/\/ostrowska.tv\/?p=13835"},"modified":"2020-12-26T20:13:06","modified_gmt":"2020-12-26T19:13:06","slug":"ciala-dwoch-osob-na-wojska-polskiego","status":"publish","type":"post","link":"https:\/\/ostrowskatv.pl\/?p=13835","title":{"rendered":"Cia\u0142a dw\u00f3ch os\u00f3b przy Wojska Polskiego"},"content":{"rendered":"<p><strong>Tragedia w jednym z mieszka\u0144 w kamienicy. W sobot\u0119, w drugi dzie\u0144 \u015awi\u0105t ujawniono zw\u0142oki dw\u00f3ch os\u00f3b, kobiety i m\u0119\u017cczyzny. &#8211; ustali\u0142 portal <a href=\"http:\/\/faktykaliskie.pl\">faktykaliskie.pl<\/a><\/strong><\/p>\n<p>Do dramatu dosz\u0142o w kamienicy przy al. Wojska Polskiego w Kaliszu. S\u0142u\u017cby oko\u0142o 16:00 wezwa\u0142a osoba, kt\u00f3ra przysz\u0142a do mieszkania i zobaczy\u0142a cia\u0142a kobiety i m\u0119\u017cczyzny. &#8211; Podj\u0119\u0142a ona jeszcze resuscytacj\u0119 jednej z os\u00f3b. Niestety bezskuteczn\u0105. Na miejscu pracuj\u0105 policjanci i prokuratorzy. Cia\u0142a zostan\u0105 zabezpieczone do sekcji zw\u0142ok &#8211; przekazuje nam asp. Anna Jaworska-Wojnicz, rzecznik prasowy kaliskiej policji.<\/p>\n<p>Prokuratura na razie nie wypowiada si\u0119 na temat tego, co mog\u0142o wydarzy\u0107 si\u0119 w kamienicy. &#8211; Potwierdzam, \u017ce ujawniono zw\u0142oki dw\u00f3ch os\u00f3b w wieku 59 i 60 lat. Na miejscu pod nadzorem prokuratora wykonywane s\u0105 czynno\u015bci zmierzaj\u0105ce do ustalenia okoliczno\u015bci zdarzenia \u2013 przekazuje nam Maciej Meler, rzecznik Prokuratury Okr\u0119gowej w Ostrowie Wielkopolskim.<\/p>\n<div id='gallery-1' class='gallery galleryid-13835 gallery-columns-3 gallery-size-thumbnail'><figure class='gallery-item'>\n\t\t\t<div class='gallery-icon landscape'>\n\t\t\t\t<a href='https:\/\/ostrowskatv.pl\/?attachment_id=13839'><img loading=\"lazy\" decoding=\"async\" width=\"150\" height=\"150\" src=\"https:\/\/ostrowskatv.pl\/wp-content\/uploads\/2020\/12\/IMG_20201226_194545-01-150x150.jpeg\" class=\"attachment-thumbnail size-thumbnail\" alt=\"\" \/><\/a>\n\t\t\t<\/div><\/figure><figure class='gallery-item'>\n\t\t\t<div class='gallery-icon landscape'>\n\t\t\t\t<a href='https:\/\/ostrowskatv.pl\/?attachment_id=13838'><img loading=\"lazy\" decoding=\"async\" width=\"150\" height=\"150\" src=\"https:\/\/ostrowskatv.pl\/wp-content\/uploads\/2020\/12\/IMG_20201226_195008-01-150x150.jpeg\" class=\"attachment-thumbnail size-thumbnail\" alt=\"\" \/><\/a>\n\t\t\t<\/div><\/figure><figure class='gallery-item'>\n\t\t\t<div class='gallery-icon landscape'>\n\t\t\t\t<a href='https:\/\/ostrowskatv.pl\/?attachment_id=13837'><img loading=\"lazy\" decoding=\"async\" width=\"150\" height=\"150\" src=\"https:\/\/ostrowskatv.pl\/wp-content\/uploads\/2020\/12\/IMG_20201226_194929-01-150x150.jpeg\" class=\"attachment-thumbnail size-thumbnail\" alt=\"\" \/><\/a>\n\t\t\t<\/div><\/figure><figure class='gallery-item'>\n\t\t\t<div class='gallery-icon landscape'>\n\t\t\t\t<a href='https:\/\/ostrowskatv.pl\/?attachment_id=13836'><img loading=\"lazy\" decoding=\"async\" width=\"150\" height=\"150\" src=\"https:\/\/ostrowskatv.pl\/wp-content\/uploads\/2020\/12\/IMG_20201226_195114-01-150x150.jpeg\" class=\"attachment-thumbnail size-thumbnail\" alt=\"\" \/><\/a>\n\t\t\t<\/div><\/figure>\n\t\t<\/div>\n\n<p>59-letnia kobieta i 60-letni m\u0119\u017cczyzna najprawdopodniej byli ma\u0142\u017ce\u0144stwem.<\/p>\n<p>Co wydarzy\u0142o si\u0119 w mieszkaniu? Zbieramy informacje w tej sprawie. Czy dosz\u0142o do tzw. rozszerzonego samob\u00f3jstwa? S\u0142u\u017cby na razie tej wersji nie potwierdzaj\u0105. Okoliczno\u015bci zgonu kaliszan wyja\u015bni sekcja zw\u0142ok.<\/p>\n","protected":false},"excerpt":{"rendered":"Tragedia w jednym z mieszka\u0144 w kamienicy. W sobot\u0119, w drugi dzie\u0144 \u015awi\u0105t ujawniono zw\u0142oki dw\u00f3ch os\u00f3b, kobiety i m\u0119\u017cczyzny. &#8211; ustali\u0142 portal \n<a class=\"moretag\" href=\"https:\/\/ostrowskatv.pl\/?p=13835\"> [...]<\/a>","protected":false},"author":1,"featured_media":13839,"comment_status":"open","ping_status":"closed","sticky":false,"template":"","format":"standard","meta":{"footnotes":""},"categories":[1],"tags":[12],"class_list":["post-13835","post","type-post","status-publish","format-standard","has-post-thumbnail","hentry","category-news","tag-smierc"],"_links":{"self":[{"href":"https:\/\/ostrowskatv.pl\/index.php?rest_route=\/wp\/v2\/posts\/13835","targetHints":{"allow":["GET"]}}],"collection":[{"href":"https:\/\/ostrowskatv.pl\/index.php?rest_route=\/wp\/v2\/posts"}],"about":[{"href":"https:\/\/ostrowskatv.pl\/index.php?rest_route=\/wp\/v2\/types\/post"}],"author":[{"embeddable":true,"href":"https:\/\/ostrowskatv.pl\/index.php?rest_route=\/wp\/v2\/users\/1"}],"replies":[{"embeddable":true,"href":"https:\/\/ostrowskatv.pl\/index.php?rest_route=%2Fwp%2Fv2%2Fcomments&post=13835"}],"version-history":[{"count":0,"href":"https:\/\/ostrowskatv.pl\/index.php?rest_route=\/wp\/v2\/posts\/13835\/revisions"}],"wp:featuredmedia":[{"embeddable":true,"href":"https:\/\/ostrowskatv.pl\/index.php?rest_route=\/wp\/v2\/media\/13839"}],"wp:attachment":[{"href":"https:\/\/ostrowskatv.pl\/index.php?rest_route=%2Fwp%2Fv2%2Fmedia&parent=13835"}],"wp:term":[{"taxonomy":"category","embeddable":true,"href":"https:\/\/ostrowskatv.pl\/index.php?rest_route=%2Fwp%2Fv2%2Fcategories&post=13835"},{"taxonomy":"post_tag","embeddable":true,"href":"https:\/\/ostrowskatv.pl\/index.php?rest_route=%2Fwp%2Fv2%2Ftags&post=13835"}],"curies":[{"name":"wp","href":"https:\/\/api.w.org\/{rel}","templated":true}]}}