{"id":13815,"date":"2020-12-24T14:54:35","date_gmt":"2020-12-24T13:54:35","guid":{"rendered":"http:\/\/ostrowska.tv\/?p=13815"},"modified":"2020-12-24T14:54:35","modified_gmt":"2020-12-24T13:54:35","slug":"peugeot-kontra-brzoza-ktora-na-niego-spadla","status":"publish","type":"post","link":"https:\/\/ostrowskatv.pl\/?p=13815","title":{"rendered":"Peugeot kontra brzoza, kt\u00f3ra na niego spad\u0142a"},"content":{"rendered":"<p><strong>Brzoza wpisa\u0142a si\u0119 na dobre w histori\u0119 Polski. Tym razem twardo\u015b\u0107 tego drzewa zosta\u0142a zweryfikowana przez samoch\u00f3d produkcji francuskiej. Konfrontacja nie by\u0142a jednak obiektywna, poniewa\u017c jak wida\u0107 na zdj\u0119ciu zarejestrowanym w systemie StreetView Google, drzewo od co najmniej 3 lat by\u0142o uschni\u0119te.<\/strong><\/p>\n<p>Do przewr\u00f3cenia si\u0119 drzewa dosz\u0142o w wigilijny poranek. Nikt w zdarzeniu nie ucierpia\u0142, ale uszkodzone zosta\u0142o ogrodzenie, a w samochodzie s\u0142upek od przedniej szyby i maska.<\/p>\n<div id='gallery-1' class='gallery galleryid-13815 gallery-columns-3 gallery-size-thumbnail'><figure class='gallery-item'>\n\t\t\t<div class='gallery-icon landscape'>\n\t\t\t\t<a href='https:\/\/ostrowskatv.pl\/?attachment_id=13814'><img loading=\"lazy\" decoding=\"async\" width=\"150\" height=\"150\" src=\"https:\/\/ostrowskatv.pl\/wp-content\/uploads\/2020\/12\/IMG_20201224_114000-01-150x150.jpeg\" class=\"attachment-thumbnail size-thumbnail\" alt=\"\" \/><\/a>\n\t\t\t<\/div><\/figure><figure class='gallery-item'>\n\t\t\t<div class='gallery-icon portrait'>\n\t\t\t\t<a href='https:\/\/ostrowskatv.pl\/?attachment_id=13813'><img loading=\"lazy\" decoding=\"async\" width=\"150\" height=\"150\" src=\"https:\/\/ostrowskatv.pl\/wp-content\/uploads\/2020\/12\/IMG_20201224_113942-01-150x150.jpeg\" class=\"attachment-thumbnail size-thumbnail\" alt=\"\" \/><\/a>\n\t\t\t<\/div><\/figure><figure class='gallery-item'>\n\t\t\t<div class='gallery-icon landscape'>\n\t\t\t\t<a href='https:\/\/ostrowskatv.pl\/?attachment_id=13812'><img loading=\"lazy\" decoding=\"async\" width=\"150\" height=\"150\" src=\"https:\/\/ostrowskatv.pl\/wp-content\/uploads\/2020\/12\/IMG_20201224_113932-01-150x150.jpeg\" class=\"attachment-thumbnail size-thumbnail\" alt=\"\" \/><\/a>\n\t\t\t<\/div><\/figure><figure class='gallery-item'>\n\t\t\t<div class='gallery-icon landscape'>\n\t\t\t\t<a href='https:\/\/ostrowskatv.pl\/?attachment_id=13816'><img loading=\"lazy\" decoding=\"async\" width=\"150\" height=\"150\" src=\"https:\/\/ostrowskatv.pl\/wp-content\/uploads\/2020\/12\/brzoza_gorzycka-150x150.jpg\" class=\"attachment-thumbnail size-thumbnail\" alt=\"\" \/><\/a>\n\t\t\t<\/div><\/figure>\n\t\t<\/div>\n\n","protected":false},"excerpt":{"rendered":"Brzoza wpisa\u0142a si\u0119 na dobre w histori\u0119 Polski. Tym razem twardo\u015b\u0107 tego drzewa zosta\u0142a zweryfikowana przez samoch\u00f3d produkcji francuskiej. Konfrontacja nie by\u0142a jednak \n<a class=\"moretag\" href=\"https:\/\/ostrowskatv.pl\/?p=13815\"> [...]<\/a>","protected":false},"author":1,"featured_media":13814,"comment_status":"open","ping_status":"closed","sticky":false,"template":"","format":"standard","meta":{"footnotes":""},"categories":[1],"tags":[2],"class_list":["post-13815","post","type-post","status-publish","format-standard","has-post-thumbnail","hentry","category-news","tag-ostrow-wielkopolski"],"_links":{"self":[{"href":"https:\/\/ostrowskatv.pl\/index.php?rest_route=\/wp\/v2\/posts\/13815","targetHints":{"allow":["GET"]}}],"collection":[{"href":"https:\/\/ostrowskatv.pl\/index.php?rest_route=\/wp\/v2\/posts"}],"about":[{"href":"https:\/\/ostrowskatv.pl\/index.php?rest_route=\/wp\/v2\/types\/post"}],"author":[{"embeddable":true,"href":"https:\/\/ostrowskatv.pl\/index.php?rest_route=\/wp\/v2\/users\/1"}],"replies":[{"embeddable":true,"href":"https:\/\/ostrowskatv.pl\/index.php?rest_route=%2Fwp%2Fv2%2Fcomments&post=13815"}],"version-history":[{"count":0,"href":"https:\/\/ostrowskatv.pl\/index.php?rest_route=\/wp\/v2\/posts\/13815\/revisions"}],"wp:featuredmedia":[{"embeddable":true,"href":"https:\/\/ostrowskatv.pl\/index.php?rest_route=\/wp\/v2\/media\/13814"}],"wp:attachment":[{"href":"https:\/\/ostrowskatv.pl\/index.php?rest_route=%2Fwp%2Fv2%2Fmedia&parent=13815"}],"wp:term":[{"taxonomy":"category","embeddable":true,"href":"https:\/\/ostrowskatv.pl\/index.php?rest_route=%2Fwp%2Fv2%2Fcategories&post=13815"},{"taxonomy":"post_tag","embeddable":true,"href":"https:\/\/ostrowskatv.pl\/index.php?rest_route=%2Fwp%2Fv2%2Ftags&post=13815"}],"curies":[{"name":"wp","href":"https:\/\/api.w.org\/{rel}","templated":true}]}}