{"id":13790,"date":"2020-12-24T10:44:36","date_gmt":"2020-12-24T09:44:36","guid":{"rendered":"http:\/\/ostrowska.tv\/?p=13790"},"modified":"2020-12-24T11:57:12","modified_gmt":"2020-12-24T10:57:12","slug":"krwawa-noc-w-centrum-ostrowa","status":"publish","type":"post","link":"https:\/\/ostrowskatv.pl\/?p=13790","title":{"rendered":"Krwawa noc w centrum Ostrowa"},"content":{"rendered":"<p><strong>W nocy przed Wigili\u0105 rozegra\u0142 si\u0119 krwawy dramat w kamienicy przy Placu 23 stycznia w Ostrowie Wielkopolskim. Do jednego z mieszka\u0144 wezwano dwie karetki pogotowia i kilka radiowoz\u00f3w policji. Powodem by\u0142a pot\u0119\u017cna awantura pomi\u0119dzy kilkoma m\u0142odymi osobami.<\/strong><\/p>\n<p>Jeden z m\u0119\u017cczyzn w wieku ok. 22 lat\u00a0 zako\u0144czy\u0142 awantur\u0119 z mocno przeci\u0119t\u0105 r\u0119k\u0105, z kt\u00f3rej obficie lecia\u0142a krew. Przeci\u0119te zosta\u0142y tak\u017ce \u015bci\u0119gna. Drugi z m\u0119\u017cczyzn dozna\u0142 urazu g\u0142owy.<\/p>\n<p>Nie wiadomo jeszcze o co pok\u0142\u00f3cili si\u0119 oko\u0142o m\u0119\u017cczy\u017ani, ale szcz\u0119\u015bliwie tym razem si\u0119 nie pozabijali. W sumie policja zatrzyma\u0142a 6 os\u00f3b.<\/p>\n<p><img loading=\"lazy\" decoding=\"async\" class=\"alignnone size-full wp-image-13791\" src=\"http:\/\/ostrowska.tv\/wp-content\/uploads\/2020\/12\/received_205721831106545.jpeg\" alt=\"\" width=\"1032\" height=\"2048\" srcset=\"https:\/\/ostrowskatv.pl\/wp-content\/uploads\/2020\/12\/received_205721831106545.jpeg 1032w, https:\/\/ostrowskatv.pl\/wp-content\/uploads\/2020\/12\/received_205721831106545-151x300.jpeg 151w, https:\/\/ostrowskatv.pl\/wp-content\/uploads\/2020\/12\/received_205721831106545-181x360.jpeg 181w, https:\/\/ostrowskatv.pl\/wp-content\/uploads\/2020\/12\/received_205721831106545-774x1536.jpeg 774w\" sizes=\"auto, (max-width: 1032px) 100vw, 1032px\" \/><\/p>\n","protected":false},"excerpt":{"rendered":"W nocy przed Wigili\u0105 rozegra\u0142 si\u0119 krwawy dramat w kamienicy przy Placu 23 stycznia w Ostrowie Wielkopolskim. Do jednego z mieszka\u0144 wezwano dwie \n<a class=\"moretag\" href=\"https:\/\/ostrowskatv.pl\/?p=13790\"> [...]<\/a>","protected":false},"author":1,"featured_media":13791,"comment_status":"open","ping_status":"closed","sticky":false,"template":"","format":"standard","meta":{"footnotes":""},"categories":[1],"tags":[2],"class_list":["post-13790","post","type-post","status-publish","format-standard","has-post-thumbnail","hentry","category-news","tag-ostrow-wielkopolski"],"_links":{"self":[{"href":"https:\/\/ostrowskatv.pl\/index.php?rest_route=\/wp\/v2\/posts\/13790","targetHints":{"allow":["GET"]}}],"collection":[{"href":"https:\/\/ostrowskatv.pl\/index.php?rest_route=\/wp\/v2\/posts"}],"about":[{"href":"https:\/\/ostrowskatv.pl\/index.php?rest_route=\/wp\/v2\/types\/post"}],"author":[{"embeddable":true,"href":"https:\/\/ostrowskatv.pl\/index.php?rest_route=\/wp\/v2\/users\/1"}],"replies":[{"embeddable":true,"href":"https:\/\/ostrowskatv.pl\/index.php?rest_route=%2Fwp%2Fv2%2Fcomments&post=13790"}],"version-history":[{"count":0,"href":"https:\/\/ostrowskatv.pl\/index.php?rest_route=\/wp\/v2\/posts\/13790\/revisions"}],"wp:featuredmedia":[{"embeddable":true,"href":"https:\/\/ostrowskatv.pl\/index.php?rest_route=\/wp\/v2\/media\/13791"}],"wp:attachment":[{"href":"https:\/\/ostrowskatv.pl\/index.php?rest_route=%2Fwp%2Fv2%2Fmedia&parent=13790"}],"wp:term":[{"taxonomy":"category","embeddable":true,"href":"https:\/\/ostrowskatv.pl\/index.php?rest_route=%2Fwp%2Fv2%2Fcategories&post=13790"},{"taxonomy":"post_tag","embeddable":true,"href":"https:\/\/ostrowskatv.pl\/index.php?rest_route=%2Fwp%2Fv2%2Ftags&post=13790"}],"curies":[{"name":"wp","href":"https:\/\/api.w.org\/{rel}","templated":true}]}}