{"id":13758,"date":"2020-12-23T15:11:32","date_gmt":"2020-12-23T14:11:32","guid":{"rendered":"http:\/\/ostrowska.tv\/?p=13758"},"modified":"2020-12-23T15:32:07","modified_gmt":"2020-12-23T14:32:07","slug":"plot-niezgody-mogl-zagrozic-mieszkancom","status":"publish","type":"post","link":"https:\/\/ostrowskatv.pl\/?p=13758","title":{"rendered":"P\u0142ot niezgody m\u00f3g\u0142 zagrozi\u0107 mieszka\u0144com"},"content":{"rendered":"<p><strong>Przy targowisku stoi blok od oko\u0142o 40 lat. Jego po\u0142ow\u0105 zarz\u0105dza sp\u00f3\u0142ka PKP S.A., a drug\u0105 po\u0142ow\u0119 tworzy wsp\u00f3lnota mieszkaniowa. Tu\u017c przed \u015awi\u0119tami sp\u00f3\u0142ka PKP S.A. podj\u0119\u0142a decyzj\u0119 o postawieniu betonowego p\u0142otu, kt\u00f3ry nie tylko uniemo\u017cliwi\u0142by przejazd mieszka\u0144c\u00f3w samochodami, ale tak\u017ce uniemo\u017cliwi\u0142by dojazd woz\u00f3w stra\u017cy po\u017carnej oraz karetek pogotowia.<\/strong><\/p>\n<p><img loading=\"lazy\" decoding=\"async\" class=\"alignnone size-full wp-image-13766\" src=\"http:\/\/ostrowska.tv\/wp-content\/uploads\/2020\/12\/IMG_20201221_110055-01.jpeg\" alt=\"\" width=\"1366\" height=\"1025\" srcset=\"https:\/\/ostrowskatv.pl\/wp-content\/uploads\/2020\/12\/IMG_20201221_110055-01.jpeg 1366w, https:\/\/ostrowskatv.pl\/wp-content\/uploads\/2020\/12\/IMG_20201221_110055-01-300x225.jpeg 300w, https:\/\/ostrowskatv.pl\/wp-content\/uploads\/2020\/12\/IMG_20201221_110055-01-480x360.jpeg 480w\" sizes=\"auto, (max-width: 1366px) 100vw, 1366px\" \/><\/p>\n<p>Blok przy ul. Targowej 7-9 sk\u0142ada si\u0119 z 8 klatek, a w ka\u017cdej z nich zamieszkuje po 10 rodzin. Do tej pory funkcjonowa\u0142 wjazd dla aut od strony po\u0142udniowej &#8211; czyli tej nale\u017c\u0105cej do PKP S.A. Droga utwardzona jest tylko wzd\u0142u\u017c boku bloku. Dalej jest nieutwardzona i si\u0142\u0105 rzeczy s\u0105 w niej nier\u00f3wno\u015bci. W poniedzia\u0142ek zacz\u0119to stawia\u0107 betonowy p\u0142ot w poprzek placu z ty\u0142u bloku, gdzie znajduj\u0105 si\u0119 gara\u017ce i nieoficjalna droga dojazdowa do pozosta\u0142ych klatek i gara\u017cy.<\/p>\n<p><img loading=\"lazy\" decoding=\"async\" class=\"alignnone size-full wp-image-13762\" src=\"http:\/\/ostrowska.tv\/wp-content\/uploads\/2020\/12\/IMG_20201221_110512-01.jpeg\" alt=\"\" width=\"1366\" height=\"1025\" srcset=\"https:\/\/ostrowskatv.pl\/wp-content\/uploads\/2020\/12\/IMG_20201221_110512-01.jpeg 1366w, https:\/\/ostrowskatv.pl\/wp-content\/uploads\/2020\/12\/IMG_20201221_110512-01-300x225.jpeg 300w, https:\/\/ostrowskatv.pl\/wp-content\/uploads\/2020\/12\/IMG_20201221_110512-01-480x360.jpeg 480w\" sizes=\"auto, (max-width: 1366px) 100vw, 1366px\" \/><\/p>\n<p>&nbsp;<\/p>\n<h3>Jaki by\u0142 pow\u00f3d postawienia p\u0142otu?<\/h3>\n<blockquote><p>Ze wzgl\u0119du na liczne skargi, kt\u00f3re otrzymywali\u015bmy, w kontek\u015bcie rozje\u017cd\u017cania dojazdu do naszej nieruchomo\u015bci przez osoby postronne, a ponadto bezumowne korzystanie z dojazdu przez dzia\u0142ki nale\u017c\u0105ce do PKP S.A. przez w\u0142a\u015bcicieli gara\u017cy oraz mieszka\u0144c\u00f3w wsp\u00f3lnoty mieszkaniowej, podj\u0119li\u015bmy dzia\u0142ania maj\u0105ce na celu rozwi\u0105zania tej kwestii poprzez wygrodzenie terenu, o czym informowali\u015bmy wsp\u00f3lnot\u0119 mieszkaniow\u0105. Ponadto pracownicy PKP S.A. wielokrotnie informowali zarz\u0105dc\u0119 wsp\u00f3lnoty mieszkaniowej o konieczno\u015bci zapewnienia dojazdu do zarz\u0105dzanej przez ni\u0105 nieruchomo\u015bci w zwi\u0105zku z planami postawienia ogrodzenia na granicy nieruchomo\u015bci. Niestety nie otrzymali\u015bmy, \u017cadnej odpowiedzi w tym zakresie od wsp\u00f3lnoty mieszkaniowej. &#8211; wyja\u015bnia Bart\u0142omiej Sarna z Wydzia\u0142u Komunikacji w PKP S.A.<\/p><\/blockquote>\n<h3><img loading=\"lazy\" decoding=\"async\" class=\"alignnone size-full wp-image-13770\" src=\"http:\/\/ostrowska.tv\/wp-content\/uploads\/2020\/12\/targowa7-9-01.jpeg\" alt=\"\" width=\"906\" height=\"1366\" srcset=\"https:\/\/ostrowskatv.pl\/wp-content\/uploads\/2020\/12\/targowa7-9-01.jpeg 906w, https:\/\/ostrowskatv.pl\/wp-content\/uploads\/2020\/12\/targowa7-9-01-199x300.jpeg 199w, https:\/\/ostrowskatv.pl\/wp-content\/uploads\/2020\/12\/targowa7-9-01-239x360.jpeg 239w\" sizes=\"auto, (max-width: 906px) 100vw, 906px\" \/><\/h3>\n<h3>PKP S.A. uwa\u017ca, \u017ce po\u015bredni\u0105 przyczyn\u0105 by\u0142o zrobienie chodnika od strony p\u00f3\u0142nocnej bloku. Zdaniem mieszka\u0144c\u00f3w cz\u0119\u015bci wsp\u00f3lnotowej nigdy nie istnia\u0142a tam droga wjazdowa, a\u00a0 przej\u015bcie.<\/h3>\n<blockquote><p>Prawdopodobnie powsta\u0142ych kontrowersji mo\u017cna by\u0142oby unikn\u0105\u0107, a ogrodzenie niemia\u0142oby \u017cadnego znaczenia, gdyby wsp\u00f3lnota mieszkaniowa nie zlikwidowa\u0142a drogi dojazdowej na nale\u017c\u0105cej do niej nieruchomo\u015bci, czyli dzia\u0142ce 88\/2. Droga, kt\u00f3ra si\u0119 tam znajdowa\u0142a zosta\u0142a przebudowana przez wsp\u00f3lnot\u0119 na chodnik. Przy czym warto tutaj zaznaczy\u0107, \u017ce wsp\u00f3lnota mieszkaniowa nie informowa\u0142a i nie konsultowa\u0142a tego rozwi\u0105zania z PKP S.A. Co prawda nie jest to obowi\u0105zkiem prawnym, ale dobr\u0105 praktyk\u0105, kt\u00f3ra r\u00f3wnie\u017c pozwoli\u0142aby unikn\u0105 obecnej sytuacji. &#8211; informuje Bart\u0142omiej Sarna z Wydzia\u0142u Komunikacji w PKP S.A.<\/p><\/blockquote>\n<h3><img loading=\"lazy\" decoding=\"async\" class=\"alignnone size-full wp-image-13763\" src=\"http:\/\/ostrowska.tv\/wp-content\/uploads\/2020\/12\/IMG_20201221_110620-02.jpeg\" alt=\"\" width=\"1366\" height=\"1025\" srcset=\"https:\/\/ostrowskatv.pl\/wp-content\/uploads\/2020\/12\/IMG_20201221_110620-02.jpeg 1366w, https:\/\/ostrowskatv.pl\/wp-content\/uploads\/2020\/12\/IMG_20201221_110620-02-300x225.jpeg 300w, https:\/\/ostrowskatv.pl\/wp-content\/uploads\/2020\/12\/IMG_20201221_110620-02-480x360.jpeg 480w\" sizes=\"auto, (max-width: 1366px) 100vw, 1366px\" \/><\/h3>\n<h3><strong>Mieszka\u0144cy powiadomili policj\u0119, kt\u00f3ra doprowadzi\u0142a do wstrzymania prac.<\/strong><\/h3>\n<blockquote><p>Obecnie budowa ogrodzenia zosta\u0142a wstrzymana. Jeste\u015bmy otwarci na negocjacje ze wsp\u00f3lnot\u0105 mieszkaniow\u0105 i w\u0142a\u015bcicielami gara\u017cy, kt\u00f3re umo\u017cliwi\u0105 im swobodny dojazd do nale\u017c\u0105cych do nich nieruchomo\u015bci przez nieruchomo\u015bci nale\u017c\u0105ce do PKP S.A. &#8211; proponuje Bart\u0142omiej Sarna z Wydzia\u0142u Komunikacji w PKP S.A.<\/p><\/blockquote>\n<p><img loading=\"lazy\" decoding=\"async\" class=\"alignnone size-full wp-image-13771\" src=\"http:\/\/ostrowska.tv\/wp-content\/uploads\/2020\/12\/znaktargowa7.jpeg\" alt=\"\" width=\"768\" height=\"1366\" srcset=\"https:\/\/ostrowskatv.pl\/wp-content\/uploads\/2020\/12\/znaktargowa7.jpeg 768w, https:\/\/ostrowskatv.pl\/wp-content\/uploads\/2020\/12\/znaktargowa7-169x300.jpeg 169w, https:\/\/ostrowskatv.pl\/wp-content\/uploads\/2020\/12\/znaktargowa7-202x360.jpeg 202w\" sizes=\"auto, (max-width: 768px) 100vw, 768px\" \/><\/p>\n<p>Przedstawiciel PKP S.A. nie odni\u00f3s\u0142 si\u0119 do zastrze\u017ce\u0144 o braku mo\u017cliwo\u015bci wjazdu s\u0142u\u017cb ratowniczych, gdyby p\u0142ot zosta\u0142 uko\u0144czony. Na wje\u017adzie na teren posesji od strony po\u0142udniowej znajduje si\u0119 znak ograniczaj\u0105cy wjazd tylko dla mieszka\u0144c\u00f3w obu cz\u0119\u015bci.<\/p>\n<div id='gallery-1' class='gallery galleryid-13758 gallery-columns-3 gallery-size-thumbnail'><figure class='gallery-item'>\n\t\t\t<div class='gallery-icon landscape'>\n\t\t\t\t<a href='https:\/\/ostrowskatv.pl\/?attachment_id=13768'><img loading=\"lazy\" decoding=\"async\" width=\"150\" height=\"150\" src=\"https:\/\/ostrowskatv.pl\/wp-content\/uploads\/2020\/12\/IMG_20201221_105609-01-150x150.jpeg\" class=\"attachment-thumbnail size-thumbnail\" alt=\"\" \/><\/a>\n\t\t\t<\/div><\/figure><figure class='gallery-item'>\n\t\t\t<div class='gallery-icon landscape'>\n\t\t\t\t<a href='https:\/\/ostrowskatv.pl\/?attachment_id=13767'><img loading=\"lazy\" decoding=\"async\" width=\"150\" height=\"150\" src=\"https:\/\/ostrowskatv.pl\/wp-content\/uploads\/2020\/12\/IMG_20201221_110032-01-150x150.jpeg\" class=\"attachment-thumbnail size-thumbnail\" alt=\"\" \/><\/a>\n\t\t\t<\/div><\/figure><figure class='gallery-item'>\n\t\t\t<div class='gallery-icon portrait'>\n\t\t\t\t<a href='https:\/\/ostrowskatv.pl\/?attachment_id=13765'><img loading=\"lazy\" decoding=\"async\" width=\"150\" height=\"150\" src=\"https:\/\/ostrowskatv.pl\/wp-content\/uploads\/2020\/12\/IMG_20201221_110118-01-150x150.jpeg\" class=\"attachment-thumbnail size-thumbnail\" alt=\"\" \/><\/a>\n\t\t\t<\/div><\/figure><figure class='gallery-item'>\n\t\t\t<div class='gallery-icon landscape'>\n\t\t\t\t<a href='https:\/\/ostrowskatv.pl\/?attachment_id=13764'><img loading=\"lazy\" decoding=\"async\" width=\"150\" height=\"150\" src=\"https:\/\/ostrowskatv.pl\/wp-content\/uploads\/2020\/12\/IMG_20201221_110138-01-150x150.jpeg\" class=\"attachment-thumbnail size-thumbnail\" alt=\"\" \/><\/a>\n\t\t\t<\/div><\/figure><figure class='gallery-item'>\n\t\t\t<div class='gallery-icon landscape'>\n\t\t\t\t<a href='https:\/\/ostrowskatv.pl\/?attachment_id=13784'><img loading=\"lazy\" decoding=\"async\" width=\"150\" height=\"150\" src=\"https:\/\/ostrowskatv.pl\/wp-content\/uploads\/2020\/12\/received_800517000497651-150x150.jpeg\" class=\"attachment-thumbnail size-thumbnail\" alt=\"\" \/><\/a>\n\t\t\t<\/div><\/figure><figure class='gallery-item'>\n\t\t\t<div class='gallery-icon landscape'>\n\t\t\t\t<a href='https:\/\/ostrowskatv.pl\/?attachment_id=13785'><img loading=\"lazy\" decoding=\"async\" width=\"150\" height=\"150\" src=\"https:\/\/ostrowskatv.pl\/wp-content\/uploads\/2020\/12\/received_411677006844066-150x150.jpeg\" class=\"attachment-thumbnail size-thumbnail\" alt=\"\" \/><\/a>\n\t\t\t<\/div><\/figure>\n\t\t<\/div>\n\n","protected":false},"excerpt":{"rendered":"Przy targowisku stoi blok od oko\u0142o 40 lat. Jego po\u0142ow\u0105 zarz\u0105dza sp\u00f3\u0142ka PKP S.A., a drug\u0105 po\u0142ow\u0119 tworzy wsp\u00f3lnota mieszkaniowa. Tu\u017c przed \u015awi\u0119tami \n<a class=\"moretag\" href=\"https:\/\/ostrowskatv.pl\/?p=13758\"> [...]<\/a>","protected":false},"author":1,"featured_media":0,"comment_status":"open","ping_status":"closed","sticky":false,"template":"","format":"standard","meta":{"footnotes":""},"categories":[1],"tags":[2],"class_list":["post-13758","post","type-post","status-publish","format-standard","hentry","category-news","tag-ostrow-wielkopolski"],"_links":{"self":[{"href":"https:\/\/ostrowskatv.pl\/index.php?rest_route=\/wp\/v2\/posts\/13758","targetHints":{"allow":["GET"]}}],"collection":[{"href":"https:\/\/ostrowskatv.pl\/index.php?rest_route=\/wp\/v2\/posts"}],"about":[{"href":"https:\/\/ostrowskatv.pl\/index.php?rest_route=\/wp\/v2\/types\/post"}],"author":[{"embeddable":true,"href":"https:\/\/ostrowskatv.pl\/index.php?rest_route=\/wp\/v2\/users\/1"}],"replies":[{"embeddable":true,"href":"https:\/\/ostrowskatv.pl\/index.php?rest_route=%2Fwp%2Fv2%2Fcomments&post=13758"}],"version-history":[{"count":0,"href":"https:\/\/ostrowskatv.pl\/index.php?rest_route=\/wp\/v2\/posts\/13758\/revisions"}],"wp:attachment":[{"href":"https:\/\/ostrowskatv.pl\/index.php?rest_route=%2Fwp%2Fv2%2Fmedia&parent=13758"}],"wp:term":[{"taxonomy":"category","embeddable":true,"href":"https:\/\/ostrowskatv.pl\/index.php?rest_route=%2Fwp%2Fv2%2Fcategories&post=13758"},{"taxonomy":"post_tag","embeddable":true,"href":"https:\/\/ostrowskatv.pl\/index.php?rest_route=%2Fwp%2Fv2%2Ftags&post=13758"}],"curies":[{"name":"wp","href":"https:\/\/api.w.org\/{rel}","templated":true}]}}