{"id":13752,"date":"2020-12-22T22:03:49","date_gmt":"2020-12-22T21:03:49","guid":{"rendered":"http:\/\/ostrowska.tv\/?p=13752"},"modified":"2020-12-22T22:03:49","modified_gmt":"2020-12-22T21:03:49","slug":"kolizja-na-rondzie-bankowym-22-12-2020","status":"publish","type":"post","link":"https:\/\/ostrowskatv.pl\/?p=13752","title":{"rendered":"Kolizja na Rondzie Bankowym &#8211; 22.12.2020"},"content":{"rendered":"<p><strong>We wtorek wieczorem dosz\u0142o do kolizji w obr\u0119bie Ronda Bankowego. Ulic\u0105 G\u0142ogowsk\u0105 jecha\u0142o bia\u0142e Audi, kt\u00f3rego kierowca zatrzyma\u0142 si\u0119 przed wjazdem na rondo. Wtedy w ty\u0142 jego pojazdu wjecha\u0142 Mercedes. By\u0142o to klasyczne najechanie na ty\u0142. Obu kierowcom nic si\u0119 nie sta\u0142o, a sprawc\u0119 zdarzenia rozliczy\u0142 patrol policji.<\/strong><\/p>\n<p><iframe loading=\"lazy\" title=\"Kolizja - Rondo Bankowe 22.12.2020\" width=\"747\" height=\"420\" src=\"https:\/\/www.youtube.com\/embed\/l0MYB5hwGns?feature=oembed\" frameborder=\"0\" allow=\"accelerometer; autoplay; clipboard-write; encrypted-media; gyroscope; picture-in-picture; web-share\" referrerpolicy=\"strict-origin-when-cross-origin\" allowfullscreen><\/iframe><\/p>\n","protected":false},"excerpt":{"rendered":"We wtorek wieczorem dosz\u0142o do kolizji w obr\u0119bie Ronda Bankowego. Ulic\u0105 G\u0142ogowsk\u0105 jecha\u0142o bia\u0142e Audi, kt\u00f3rego kierowca zatrzyma\u0142 si\u0119 przed wjazdem na rondo. \n<a class=\"moretag\" href=\"https:\/\/ostrowskatv.pl\/?p=13752\"> [...]<\/a>","protected":false},"author":1,"featured_media":13753,"comment_status":"open","ping_status":"closed","sticky":false,"template":"","format":"standard","meta":{"footnotes":""},"categories":[1],"tags":[48],"class_list":["post-13752","post","type-post","status-publish","format-standard","has-post-thumbnail","hentry","category-news","tag-kolizja"],"_links":{"self":[{"href":"https:\/\/ostrowskatv.pl\/index.php?rest_route=\/wp\/v2\/posts\/13752","targetHints":{"allow":["GET"]}}],"collection":[{"href":"https:\/\/ostrowskatv.pl\/index.php?rest_route=\/wp\/v2\/posts"}],"about":[{"href":"https:\/\/ostrowskatv.pl\/index.php?rest_route=\/wp\/v2\/types\/post"}],"author":[{"embeddable":true,"href":"https:\/\/ostrowskatv.pl\/index.php?rest_route=\/wp\/v2\/users\/1"}],"replies":[{"embeddable":true,"href":"https:\/\/ostrowskatv.pl\/index.php?rest_route=%2Fwp%2Fv2%2Fcomments&post=13752"}],"version-history":[{"count":0,"href":"https:\/\/ostrowskatv.pl\/index.php?rest_route=\/wp\/v2\/posts\/13752\/revisions"}],"wp:featuredmedia":[{"embeddable":true,"href":"https:\/\/ostrowskatv.pl\/index.php?rest_route=\/wp\/v2\/media\/13753"}],"wp:attachment":[{"href":"https:\/\/ostrowskatv.pl\/index.php?rest_route=%2Fwp%2Fv2%2Fmedia&parent=13752"}],"wp:term":[{"taxonomy":"category","embeddable":true,"href":"https:\/\/ostrowskatv.pl\/index.php?rest_route=%2Fwp%2Fv2%2Fcategories&post=13752"},{"taxonomy":"post_tag","embeddable":true,"href":"https:\/\/ostrowskatv.pl\/index.php?rest_route=%2Fwp%2Fv2%2Ftags&post=13752"}],"curies":[{"name":"wp","href":"https:\/\/api.w.org\/{rel}","templated":true}]}}