{"id":13708,"date":"2020-12-18T08:48:15","date_gmt":"2020-12-18T07:48:15","guid":{"rendered":"http:\/\/ostrowska.tv\/?p=13708"},"modified":"2020-12-18T09:33:04","modified_gmt":"2020-12-18T08:33:04","slug":"zabrano-jej-dziecko-interwencja-na-paderewskiego","status":"publish","type":"post","link":"https:\/\/ostrowskatv.pl\/?p=13708","title":{"rendered":"Zabrano jej dziecko. Interwencja na Paderewskiego"},"content":{"rendered":"<p><strong>Rodzinny dramat rozegra\u0142 si\u0119 w nocy ze \u015brody na czwartek w jednym z blok\u00f3w przy ulicy Paderewskiego. Powodem by\u0142 telefon kobiety, kt\u00f3ra poinformowa\u0142a s\u0142u\u017cby o samob\u00f3jczych my\u015blach. W takiej sytuacji podj\u0119to decyzj\u0119 o namierzeniu kobiety i przekazaniu jej do lekarza specjalisty, kt\u00f3ry zweryfikuje jej stan psychiczny.<\/strong><\/p>\n<p>Okaza\u0142o si\u0119, \u017ce ok. 30-letnia kobieta mieszka z kilkuletnim dzieckiem. Poniewa\u017c kobieta musia\u0142a zosta\u0107 przewieziona do szpitala, kto\u015b powinien si\u0119 zaopiekowa\u0107 dzieckiem. Policjanci podj\u0119li pr\u00f3by dotarcia do cz\u0142onk\u00f3w rodziny. Poniewa\u017c efekt tych dzia\u0142a\u0144 nie przyni\u00f3s\u0142 spodziewanych rezultat\u00f3w, dlatego zdecydowano si\u0119 powiadomi\u0107 s\u0142u\u017cby odpowiedzialne za tzw. rodziny zast\u0119pcze. Przedstawiciel jednej z nich dotar\u0142 na miejsce i zabra\u0142 dziecko. Nie trzeba nikomu m\u00f3wi\u0107 jak wielki by\u0142 to stres dla dziecka.<\/p>\n","protected":false},"excerpt":{"rendered":"Rodzinny dramat rozegra\u0142 si\u0119 w nocy ze \u015brody na czwartek w jednym z blok\u00f3w przy ulicy Paderewskiego. Powodem by\u0142 telefon kobiety, kt\u00f3ra poinformowa\u0142a \n<a class=\"moretag\" href=\"https:\/\/ostrowskatv.pl\/?p=13708\"> [...]<\/a>","protected":false},"author":1,"featured_media":1973,"comment_status":"open","ping_status":"closed","sticky":false,"template":"","format":"standard","meta":{"footnotes":""},"categories":[1],"tags":[2],"class_list":["post-13708","post","type-post","status-publish","format-standard","has-post-thumbnail","hentry","category-news","tag-ostrow-wielkopolski"],"_links":{"self":[{"href":"https:\/\/ostrowskatv.pl\/index.php?rest_route=\/wp\/v2\/posts\/13708","targetHints":{"allow":["GET"]}}],"collection":[{"href":"https:\/\/ostrowskatv.pl\/index.php?rest_route=\/wp\/v2\/posts"}],"about":[{"href":"https:\/\/ostrowskatv.pl\/index.php?rest_route=\/wp\/v2\/types\/post"}],"author":[{"embeddable":true,"href":"https:\/\/ostrowskatv.pl\/index.php?rest_route=\/wp\/v2\/users\/1"}],"replies":[{"embeddable":true,"href":"https:\/\/ostrowskatv.pl\/index.php?rest_route=%2Fwp%2Fv2%2Fcomments&post=13708"}],"version-history":[{"count":0,"href":"https:\/\/ostrowskatv.pl\/index.php?rest_route=\/wp\/v2\/posts\/13708\/revisions"}],"wp:featuredmedia":[{"embeddable":true,"href":"https:\/\/ostrowskatv.pl\/index.php?rest_route=\/wp\/v2\/media\/1973"}],"wp:attachment":[{"href":"https:\/\/ostrowskatv.pl\/index.php?rest_route=%2Fwp%2Fv2%2Fmedia&parent=13708"}],"wp:term":[{"taxonomy":"category","embeddable":true,"href":"https:\/\/ostrowskatv.pl\/index.php?rest_route=%2Fwp%2Fv2%2Fcategories&post=13708"},{"taxonomy":"post_tag","embeddable":true,"href":"https:\/\/ostrowskatv.pl\/index.php?rest_route=%2Fwp%2Fv2%2Ftags&post=13708"}],"curies":[{"name":"wp","href":"https:\/\/api.w.org\/{rel}","templated":true}]}}