{"id":13705,"date":"2020-12-17T16:30:57","date_gmt":"2020-12-17T15:30:57","guid":{"rendered":"http:\/\/ostrowska.tv\/?p=13705"},"modified":"2020-12-17T16:30:57","modified_gmt":"2020-12-17T15:30:57","slug":"wyrok-wojta-za-atak-na-policjanta-na-kaliskim-marsz-rownosci","status":"publish","type":"post","link":"https:\/\/ostrowskatv.pl\/?p=13705","title":{"rendered":"Wyrok w\u00f3jta za atak na policjanta na kaliskim Marsz R\u00f3wno\u015bci"},"content":{"rendered":"<p><strong>W\u00f3jt gm. \u017belazk\u00f3w Sylwiusz J. zosta\u0142 uznany winnym naruszenia nietykalno\u015bci cielesnej funkcjonariusza publicznego i zosta\u0142 za to ukarany. W czwartek odby\u0142a si\u0119 rozprawa w kaliskim s\u0105dzie, gdzie pozytywnie rozpatrzono wniosek o dobrowolne poddanie si\u0119 karze.<\/strong><\/p>\n<p>Wyrok dotyczy zdarzenia z 22 wrze\u015bnia 2019 r., kiedy ulicami Kalisza przechodzi\u0142 pierwszy kaliski Marsz R\u00f3wno\u015bci. W\u00f3wczas 60-letni Sylwiusz J. zachowywa\u0142 si\u0119 g\u0142o\u015bno, u\u017cywa\u0142 wulgaryzm\u00f3w i wymachiwa\u0142 r\u0119kami. Wzbudzi\u0142o to zainteresowanie obecnych na miejscu dziennikarzy, a tak\u017ce policjant\u00f3w.<\/p>\n<p>W czwartek S\u0105d Rejonowy w Kaliszu wyda\u0142 wyrok uznaj\u0105cy win\u0119 samorz\u0105dowca. Oskar\u017cony z\u0142o\u017cy\u0142 wniosek o dobrowolne poddanie si\u0119 karze. Prokurator nie zanegowa\u0142 warunk\u00f3w ugody.<br \/>\nSylwiusz J. zezna\u0142, \u017ce chcia\u0142 i\u015b\u0107 na taks\u00f3wk\u0119. Nagle kto\u015b go uderzy\u0142 od ty\u0142u. Oskar\u017cony nie patrz\u0105c odruchowo uderzy\u0142 rzekomo atakuj\u0105c\u0105 go osob\u0119. Gdy si\u0119 odwr\u00f3ci\u0142 zobaczy\u0142 policjanta w kasku. Te zeznania nie pokrywa\u0142y si\u0119 z zarejestrowanym przez dziennikarzy materia\u0142em wideo.<\/p>\n<blockquote><p>\u00a7 1. Kto narusza nietykalno\u015b\u0107 cielesn\u0105 funkcjonariusza publicznego lub osoby do pomocy mu przybranej podczas lub w zwi\u0105zku z pe\u0142nieniem obowi\u0105zk\u00f3w s\u0142u\u017cbowych, podlega grzywnie, karze ograniczenia wolno\u015bci albo pozbawienia wolno\u015bci do lat 3.<\/p><\/blockquote>\n<p>S\u0119dzia Maciej Maciaszek wymierzy\u0142 kar\u0119 grzywny w wysoko\u015bci 5 tysi\u0119cy z\u0142otych. Pokrzywdzony policjant ma otrzyma\u0107 3 tysi\u0105ce z\u0142otych od Sylwiusza J.<br \/>\nW\u00f3jt mia\u0142 tak\u017ce spraw\u0119 ze zn\u0119canie si\u0119 nad rodzin\u0105 czy udzielanie \u015blubu b\u0119d\u0105c pod wp\u0142ywem alkoholu.<\/p>\n<p>Podczas kaliskiego Marszu R\u00f3wno\u015bci policjanci potwierdzili 2 promile alkoholu u w\u00f3jta.<\/p>\n","protected":false},"excerpt":{"rendered":"W\u00f3jt gm. \u017belazk\u00f3w Sylwiusz J. zosta\u0142 uznany winnym naruszenia nietykalno\u015bci cielesnej funkcjonariusza publicznego i zosta\u0142 za to ukarany. W czwartek odby\u0142a si\u0119 rozprawa \n<a class=\"moretag\" href=\"https:\/\/ostrowskatv.pl\/?p=13705\"> [...]<\/a>","protected":false},"author":1,"featured_media":10380,"comment_status":"open","ping_status":"closed","sticky":false,"template":"","format":"standard","meta":{"footnotes":""},"categories":[1],"tags":[52],"class_list":["post-13705","post","type-post","status-publish","format-standard","has-post-thumbnail","hentry","category-news","tag-sad"],"_links":{"self":[{"href":"https:\/\/ostrowskatv.pl\/index.php?rest_route=\/wp\/v2\/posts\/13705","targetHints":{"allow":["GET"]}}],"collection":[{"href":"https:\/\/ostrowskatv.pl\/index.php?rest_route=\/wp\/v2\/posts"}],"about":[{"href":"https:\/\/ostrowskatv.pl\/index.php?rest_route=\/wp\/v2\/types\/post"}],"author":[{"embeddable":true,"href":"https:\/\/ostrowskatv.pl\/index.php?rest_route=\/wp\/v2\/users\/1"}],"replies":[{"embeddable":true,"href":"https:\/\/ostrowskatv.pl\/index.php?rest_route=%2Fwp%2Fv2%2Fcomments&post=13705"}],"version-history":[{"count":0,"href":"https:\/\/ostrowskatv.pl\/index.php?rest_route=\/wp\/v2\/posts\/13705\/revisions"}],"wp:featuredmedia":[{"embeddable":true,"href":"https:\/\/ostrowskatv.pl\/index.php?rest_route=\/wp\/v2\/media\/10380"}],"wp:attachment":[{"href":"https:\/\/ostrowskatv.pl\/index.php?rest_route=%2Fwp%2Fv2%2Fmedia&parent=13705"}],"wp:term":[{"taxonomy":"category","embeddable":true,"href":"https:\/\/ostrowskatv.pl\/index.php?rest_route=%2Fwp%2Fv2%2Fcategories&post=13705"},{"taxonomy":"post_tag","embeddable":true,"href":"https:\/\/ostrowskatv.pl\/index.php?rest_route=%2Fwp%2Fv2%2Ftags&post=13705"}],"curies":[{"name":"wp","href":"https:\/\/api.w.org\/{rel}","templated":true}]}}