{"id":1370,"date":"2016-05-14T10:47:51","date_gmt":"2016-05-14T09:47:51","guid":{"rendered":"http:\/\/ostrowska.tv\/?p=1370"},"modified":"2016-05-14T10:47:51","modified_gmt":"2016-05-14T09:47:51","slug":"ostrow-mowi-piatek-trzynastego-sonda","status":"publish","type":"post","link":"https:\/\/ostrowskatv.pl\/?p=1370","title":{"rendered":"Ostr\u00f3w m\u00f3wi: Pi\u0105tek trzynastego (sonda)"},"content":{"rendered":"<p><strong>Czy ostrowianie s\u0105 przes\u0105dni? Pi\u0105tek trzynastego by\u0142 idealn\u0105 okazj\u0105, \u017ceby to sprawdzi\u0107. Wi\u0119kszo\u015b\u0107 mieszka\u0144c\u00f3w naszego miasta nie obawia si\u0119 tego dnia, a na co dzie\u0144 nie zawraca na widok czarnego kota.<\/strong><\/p>\n<p>S\u0105 jednak r\u00f3wnie\u017c tacy, kt\u00f3rzy w pi\u0105tek trzynastego najch\u0119tniej nie wychodziliby z domu. Nie mog\u0105 nic za\u0142atwi\u0107 albo maj\u0105 z\u0142e wspomnienia jeszcze z czas\u00f3w szkolnych. O wszystkim postanowili opowiedzie\u0107 przed kamer\u0105.<\/p>\n<p>Wi\u0119kszo\u015b\u0107 podkre\u015bla\u0142a jednak, \u017ce takie poj\u0119cie jak pi\u0105tek trzynastego dla nich nie istnieje. Ostrowianie postanowili cieszy\u0107 si\u0119 tym dniem, zw\u0142aszcza \u017ce sprzyja\u0142a temu pogoda. Wi\u0119cej w naszym materiale wideo. Zach\u0119camy do obejrzenia sondy.<\/p>\n<div style=\"width: 640px;\" class=\"wp-video\"><video class=\"wp-video-shortcode\" id=\"video-1370-1\" width=\"640\" height=\"360\" preload=\"metadata\" controls=\"controls\"><source type=\"video\/mp4\" src=\"http:\/\/ostrowska.tv\/wp-content\/uploads\/2016\/05\/piatek-13.mp4?_=1\" \/><a href=\"http:\/\/ostrowska.tv\/wp-content\/uploads\/2016\/05\/piatek-13.mp4\">http:\/\/ostrowska.tv\/wp-content\/uploads\/2016\/05\/piatek-13.mp4<\/a><\/video><\/div>\n","protected":false},"excerpt":{"rendered":"Czy ostrowianie s\u0105 przes\u0105dni? Pi\u0105tek trzynastego by\u0142 idealn\u0105 okazj\u0105, \u017ceby to sprawdzi\u0107. Wi\u0119kszo\u015b\u0107 mieszka\u0144c\u00f3w naszego miasta nie obawia si\u0119 tego dnia, a na \n<a class=\"moretag\" href=\"https:\/\/ostrowskatv.pl\/?p=1370\"> [...]<\/a>","protected":false},"author":1,"featured_media":1372,"comment_status":"open","ping_status":"open","sticky":false,"template":"","format":"standard","meta":{"footnotes":""},"categories":[1],"tags":[2],"class_list":["post-1370","post","type-post","status-publish","format-standard","has-post-thumbnail","hentry","category-news","tag-ostrow-wielkopolski"],"_links":{"self":[{"href":"https:\/\/ostrowskatv.pl\/index.php?rest_route=\/wp\/v2\/posts\/1370","targetHints":{"allow":["GET"]}}],"collection":[{"href":"https:\/\/ostrowskatv.pl\/index.php?rest_route=\/wp\/v2\/posts"}],"about":[{"href":"https:\/\/ostrowskatv.pl\/index.php?rest_route=\/wp\/v2\/types\/post"}],"author":[{"embeddable":true,"href":"https:\/\/ostrowskatv.pl\/index.php?rest_route=\/wp\/v2\/users\/1"}],"replies":[{"embeddable":true,"href":"https:\/\/ostrowskatv.pl\/index.php?rest_route=%2Fwp%2Fv2%2Fcomments&post=1370"}],"version-history":[{"count":0,"href":"https:\/\/ostrowskatv.pl\/index.php?rest_route=\/wp\/v2\/posts\/1370\/revisions"}],"wp:featuredmedia":[{"embeddable":true,"href":"https:\/\/ostrowskatv.pl\/index.php?rest_route=\/wp\/v2\/media\/1372"}],"wp:attachment":[{"href":"https:\/\/ostrowskatv.pl\/index.php?rest_route=%2Fwp%2Fv2%2Fmedia&parent=1370"}],"wp:term":[{"taxonomy":"category","embeddable":true,"href":"https:\/\/ostrowskatv.pl\/index.php?rest_route=%2Fwp%2Fv2%2Fcategories&post=1370"},{"taxonomy":"post_tag","embeddable":true,"href":"https:\/\/ostrowskatv.pl\/index.php?rest_route=%2Fwp%2Fv2%2Ftags&post=1370"}],"curies":[{"name":"wp","href":"https:\/\/api.w.org\/{rel}","templated":true}]}}