{"id":13683,"date":"2020-12-11T09:19:12","date_gmt":"2020-12-11T08:19:12","guid":{"rendered":"http:\/\/ostrowska.tv\/?p=13683"},"modified":"2020-12-11T09:19:12","modified_gmt":"2020-12-11T08:19:12","slug":"bmw-wpadlo-do-stawu","status":"publish","type":"post","link":"https:\/\/ostrowskatv.pl\/?p=13683","title":{"rendered":"BMW wpad\u0142o do stawu"},"content":{"rendered":"<p><strong>Do niebezpiecznego zdarzenia dosz\u0142o na stawach \u0142owieckich, zwanych tak\u017ce gliniankami. Po godz. 7.00 jeden z w\u0119dkarzy, kt\u00f3ry roz\u0142o\u017cy\u0142 si\u0119 na swoim stanowisku, zauwa\u017cy\u0142 na drugim brzegu czerwone \u015bwiate\u0142ka. Poniewa\u017c widok by\u0142 intryguj\u0105cy, postanowi\u0142 sprawdzi\u0107 co tak \u015bwieci.<\/strong><\/p>\n<p>Gdy podszed\u0142, zauwa\u017cy\u0142 samoch\u00f3d marki BMW cz\u0119\u015bciowo zanurzony w wodzie. Za kierownic\u0105 siedzia\u0142 kierowca, by\u0142 nieprzytomny. W\u0119dkarz wezwa\u0142 s\u0142u\u017cby.<\/p>\n<p>Stra\u017cacy zabezpieczyli pojazd przed dalszym osuwaniem si\u0119. Wyci\u0105gn\u0119li m\u0119\u017cczyzn\u0119, kt\u00f3ry odzyska\u0142 przytomno\u015b\u0107. By\u0142 wyzi\u0119biony i mia\u0142 zdj\u0119te buty. Przekazano go za\u0142odze karetki pogotowia ratunkowego. Ma oko\u0142o 40 lat.<\/p>\n<div id='gallery-1' class='gallery galleryid-13683 gallery-columns-3 gallery-size-thumbnail'><figure class='gallery-item'>\n\t\t\t<div class='gallery-icon landscape'>\n\t\t\t\t<a href='https:\/\/ostrowskatv.pl\/?attachment_id=13684'><img loading=\"lazy\" decoding=\"async\" width=\"150\" height=\"150\" src=\"https:\/\/ostrowskatv.pl\/wp-content\/uploads\/2020\/12\/IMG_20201211_090329-01-150x150.jpeg\" class=\"attachment-thumbnail size-thumbnail\" alt=\"\" \/><\/a>\n\t\t\t<\/div><\/figure><figure class='gallery-item'>\n\t\t\t<div class='gallery-icon landscape'>\n\t\t\t\t<a href='https:\/\/ostrowskatv.pl\/?attachment_id=13685'><img loading=\"lazy\" decoding=\"async\" width=\"150\" height=\"150\" src=\"https:\/\/ostrowskatv.pl\/wp-content\/uploads\/2020\/12\/IMG_20201211_084526-01-150x150.jpeg\" class=\"attachment-thumbnail size-thumbnail\" alt=\"\" \/><\/a>\n\t\t\t<\/div><\/figure><figure class='gallery-item'>\n\t\t\t<div class='gallery-icon landscape'>\n\t\t\t\t<a href='https:\/\/ostrowskatv.pl\/?attachment_id=13686'><img loading=\"lazy\" decoding=\"async\" width=\"150\" height=\"150\" src=\"https:\/\/ostrowskatv.pl\/wp-content\/uploads\/2020\/12\/IMG_20201211_084445-01-150x150.jpeg\" class=\"attachment-thumbnail size-thumbnail\" alt=\"\" \/><\/a>\n\t\t\t<\/div><\/figure><figure class='gallery-item'>\n\t\t\t<div class='gallery-icon landscape'>\n\t\t\t\t<a href='https:\/\/ostrowskatv.pl\/?attachment_id=13687'><img loading=\"lazy\" decoding=\"async\" width=\"150\" height=\"150\" src=\"https:\/\/ostrowskatv.pl\/wp-content\/uploads\/2020\/12\/IMG_20201211_084255-01-150x150.jpeg\" class=\"attachment-thumbnail size-thumbnail\" alt=\"\" \/><\/a>\n\t\t\t<\/div><\/figure><figure class='gallery-item'>\n\t\t\t<div class='gallery-icon landscape'>\n\t\t\t\t<a href='https:\/\/ostrowskatv.pl\/?attachment_id=13689'><img loading=\"lazy\" decoding=\"async\" width=\"150\" height=\"150\" src=\"https:\/\/ostrowskatv.pl\/wp-content\/uploads\/2020\/12\/IMG_20201211_091432-01-1-150x150.jpeg\" class=\"attachment-thumbnail size-thumbnail\" alt=\"\" \/><\/a>\n\t\t\t<\/div><\/figure>\n\t\t<\/div>\n\n","protected":false},"excerpt":{"rendered":"Do niebezpiecznego zdarzenia dosz\u0142o na stawach \u0142owieckich, zwanych tak\u017ce gliniankami. Po godz. 7.00 jeden z w\u0119dkarzy, kt\u00f3ry roz\u0142o\u017cy\u0142 si\u0119 na swoim stanowisku, zauwa\u017cy\u0142 \n<a class=\"moretag\" href=\"https:\/\/ostrowskatv.pl\/?p=13683\"> [...]<\/a>","protected":false},"author":1,"featured_media":13688,"comment_status":"open","ping_status":"closed","sticky":false,"template":"","format":"standard","meta":{"footnotes":""},"categories":[1],"tags":[38],"class_list":["post-13683","post","type-post","status-publish","format-standard","has-post-thumbnail","hentry","category-news","tag-odolanow"],"_links":{"self":[{"href":"https:\/\/ostrowskatv.pl\/index.php?rest_route=\/wp\/v2\/posts\/13683","targetHints":{"allow":["GET"]}}],"collection":[{"href":"https:\/\/ostrowskatv.pl\/index.php?rest_route=\/wp\/v2\/posts"}],"about":[{"href":"https:\/\/ostrowskatv.pl\/index.php?rest_route=\/wp\/v2\/types\/post"}],"author":[{"embeddable":true,"href":"https:\/\/ostrowskatv.pl\/index.php?rest_route=\/wp\/v2\/users\/1"}],"replies":[{"embeddable":true,"href":"https:\/\/ostrowskatv.pl\/index.php?rest_route=%2Fwp%2Fv2%2Fcomments&post=13683"}],"version-history":[{"count":0,"href":"https:\/\/ostrowskatv.pl\/index.php?rest_route=\/wp\/v2\/posts\/13683\/revisions"}],"wp:featuredmedia":[{"embeddable":true,"href":"https:\/\/ostrowskatv.pl\/index.php?rest_route=\/wp\/v2\/media\/13688"}],"wp:attachment":[{"href":"https:\/\/ostrowskatv.pl\/index.php?rest_route=%2Fwp%2Fv2%2Fmedia&parent=13683"}],"wp:term":[{"taxonomy":"category","embeddable":true,"href":"https:\/\/ostrowskatv.pl\/index.php?rest_route=%2Fwp%2Fv2%2Fcategories&post=13683"},{"taxonomy":"post_tag","embeddable":true,"href":"https:\/\/ostrowskatv.pl\/index.php?rest_route=%2Fwp%2Fv2%2Ftags&post=13683"}],"curies":[{"name":"wp","href":"https:\/\/api.w.org\/{rel}","templated":true}]}}