{"id":13673,"date":"2020-12-10T09:44:49","date_gmt":"2020-12-10T08:44:49","guid":{"rendered":"http:\/\/ostrowska.tv\/?p=13673"},"modified":"2020-12-10T09:44:49","modified_gmt":"2020-12-10T08:44:49","slug":"zderzenie-citroena-i-renault-na-al-slowackiego","status":"publish","type":"post","link":"https:\/\/ostrowskatv.pl\/?p=13673","title":{"rendered":"Zderzenie citroena i renault na Al. S\u0142owackiego"},"content":{"rendered":"<p><strong>Na skrzy\u017cowaniu Alei S\u0142owackiego z ulic\u0105 Olszty\u0144sk\u0105 w Ostrowie Wielkopolskim dosz\u0142o w czwartkowe przedpo\u0142udnie. To kolejna z czterech kolizji, do kt\u00f3rych dosz\u0142o tego poranka<\/strong>.<\/p>\n<p>Citroen na kaliskich tablicach rejestracyjnych wjecha\u0142 w bok busa nale\u017c\u0105cego do jednej z firm. W trakcie kolizji jedno z aut uszkodzi\u0142o s\u0142upki od znak\u00f3w drogowych.<\/p>\n<p>Nikt nie zosta\u0142 poszkodowany, ale do neutralizacji p\u0142yn\u00f3w wezwano stra\u017cak\u00f3w.<\/p>\n<div id='gallery-1' class='gallery galleryid-13673 gallery-columns-3 gallery-size-thumbnail'><figure class='gallery-item'>\n\t\t\t<div class='gallery-icon landscape'>\n\t\t\t\t<a href='https:\/\/ostrowskatv.pl\/?attachment_id=13675'><img loading=\"lazy\" decoding=\"async\" width=\"150\" height=\"150\" src=\"https:\/\/ostrowskatv.pl\/wp-content\/uploads\/2020\/12\/IMG_20201210_075350-01-150x150.jpeg\" class=\"attachment-thumbnail size-thumbnail\" alt=\"\" \/><\/a>\n\t\t\t<\/div><\/figure><figure class='gallery-item'>\n\t\t\t<div class='gallery-icon landscape'>\n\t\t\t\t<a href='https:\/\/ostrowskatv.pl\/?attachment_id=13676'><img loading=\"lazy\" decoding=\"async\" width=\"150\" height=\"150\" src=\"https:\/\/ostrowskatv.pl\/wp-content\/uploads\/2020\/12\/IMG_20201210_075449-01-150x150.jpeg\" class=\"attachment-thumbnail size-thumbnail\" alt=\"\" \/><\/a>\n\t\t\t<\/div><\/figure><figure class='gallery-item'>\n\t\t\t<div class='gallery-icon landscape'>\n\t\t\t\t<a href='https:\/\/ostrowskatv.pl\/?attachment_id=13677'><img loading=\"lazy\" decoding=\"async\" width=\"150\" height=\"150\" src=\"https:\/\/ostrowskatv.pl\/wp-content\/uploads\/2020\/12\/IMG_20201210_075556-01-150x150.jpeg\" class=\"attachment-thumbnail size-thumbnail\" alt=\"\" \/><\/a>\n\t\t\t<\/div><\/figure>\n\t\t<\/div>\n\n","protected":false},"excerpt":{"rendered":"Na skrzy\u017cowaniu Alei S\u0142owackiego z ulic\u0105 Olszty\u0144sk\u0105 w Ostrowie Wielkopolskim dosz\u0142o w czwartkowe przedpo\u0142udnie. To kolejna z czterech kolizji, do kt\u00f3rych dosz\u0142o tego \n<a class=\"moretag\" href=\"https:\/\/ostrowskatv.pl\/?p=13673\"> [...]<\/a>","protected":false},"author":1,"featured_media":13677,"comment_status":"open","ping_status":"closed","sticky":false,"template":"","format":"standard","meta":{"footnotes":""},"categories":[1],"tags":[2],"class_list":["post-13673","post","type-post","status-publish","format-standard","has-post-thumbnail","hentry","category-news","tag-ostrow-wielkopolski"],"_links":{"self":[{"href":"https:\/\/ostrowskatv.pl\/index.php?rest_route=\/wp\/v2\/posts\/13673","targetHints":{"allow":["GET"]}}],"collection":[{"href":"https:\/\/ostrowskatv.pl\/index.php?rest_route=\/wp\/v2\/posts"}],"about":[{"href":"https:\/\/ostrowskatv.pl\/index.php?rest_route=\/wp\/v2\/types\/post"}],"author":[{"embeddable":true,"href":"https:\/\/ostrowskatv.pl\/index.php?rest_route=\/wp\/v2\/users\/1"}],"replies":[{"embeddable":true,"href":"https:\/\/ostrowskatv.pl\/index.php?rest_route=%2Fwp%2Fv2%2Fcomments&post=13673"}],"version-history":[{"count":0,"href":"https:\/\/ostrowskatv.pl\/index.php?rest_route=\/wp\/v2\/posts\/13673\/revisions"}],"wp:featuredmedia":[{"embeddable":true,"href":"https:\/\/ostrowskatv.pl\/index.php?rest_route=\/wp\/v2\/media\/13677"}],"wp:attachment":[{"href":"https:\/\/ostrowskatv.pl\/index.php?rest_route=%2Fwp%2Fv2%2Fmedia&parent=13673"}],"wp:term":[{"taxonomy":"category","embeddable":true,"href":"https:\/\/ostrowskatv.pl\/index.php?rest_route=%2Fwp%2Fv2%2Fcategories&post=13673"},{"taxonomy":"post_tag","embeddable":true,"href":"https:\/\/ostrowskatv.pl\/index.php?rest_route=%2Fwp%2Fv2%2Ftags&post=13673"}],"curies":[{"name":"wp","href":"https:\/\/api.w.org\/{rel}","templated":true}]}}