{"id":13670,"date":"2020-12-10T08:15:14","date_gmt":"2020-12-10T07:15:14","guid":{"rendered":"http:\/\/ostrowska.tv\/?p=13670"},"modified":"2020-12-10T08:15:41","modified_gmt":"2020-12-10T07:15:41","slug":"zderzenie","status":"publish","type":"post","link":"https:\/\/ostrowskatv.pl\/?p=13670","title":{"rendered":"Zderzenie osob\u00f3wki i dostawczego w Fabianowie"},"content":{"rendered":"<p><strong>Oko\u0142o godz. 6.00 dosz\u0142o do zderzenia Peugeota z autem dostawczym. Przez godzin\u0119 od kolizji wyst\u0119powa\u0142y du\u017ce utrudnienia w ruchu. Korek si\u0119ga\u0142 w\u0119z\u0142a obwodnicy w Ostrowie i skr\u0119tu na Biskupice O\u0142oboczne. <\/strong><\/p>\n<p>Dopiero prawie po godzinie, s\u0142u\u017cby ratunkowe otrzyma\u0142y dwa zg\u0142oszenia na numer alarmowy. Wys\u0142ano stra\u017cak\u00f3w z Ostrowa, Biskupic O\u0142obocznych i Skalmierzyc.<\/p>\n<p>Ze wst\u0119pnych ustale\u0144 wynika, \u017ce osobowy Peugeot wyjecha\u0142 z drogi podporz\u0105dkowanej.<\/p>\n<p>Autor zdj\u0119\u0107 Sebastian<\/p>\n<div id='gallery-1' class='gallery galleryid-13670 gallery-columns-3 gallery-size-thumbnail'><figure class='gallery-item'>\n\t\t\t<div class='gallery-icon landscape'>\n\t\t\t\t<a href='https:\/\/ostrowskatv.pl\/?attachment_id=13669'><img loading=\"lazy\" decoding=\"async\" width=\"150\" height=\"150\" src=\"https:\/\/ostrowskatv.pl\/wp-content\/uploads\/2020\/12\/received_396115518395382-01-150x150.jpeg\" class=\"attachment-thumbnail size-thumbnail\" alt=\"\" \/><\/a>\n\t\t\t<\/div><\/figure><figure class='gallery-item'>\n\t\t\t<div class='gallery-icon landscape'>\n\t\t\t\t<a href='https:\/\/ostrowskatv.pl\/?attachment_id=13668'><img loading=\"lazy\" decoding=\"async\" width=\"150\" height=\"150\" src=\"https:\/\/ostrowskatv.pl\/wp-content\/uploads\/2020\/12\/received_204507184501195-01-150x150.jpeg\" class=\"attachment-thumbnail size-thumbnail\" alt=\"\" \/><\/a>\n\t\t\t<\/div><\/figure>\n\t\t<\/div>\n\n","protected":false},"excerpt":{"rendered":"Oko\u0142o godz. 6.00 dosz\u0142o do zderzenia Peugeota z autem dostawczym. Przez godzin\u0119 od kolizji wyst\u0119powa\u0142y du\u017ce utrudnienia w ruchu. Korek si\u0119ga\u0142 w\u0119z\u0142a obwodnicy \n<a class=\"moretag\" href=\"https:\/\/ostrowskatv.pl\/?p=13670\"> [...]<\/a>","protected":false},"author":1,"featured_media":13668,"comment_status":"open","ping_status":"closed","sticky":false,"template":"","format":"standard","meta":{"footnotes":""},"categories":[1],"tags":[106],"class_list":["post-13670","post","type-post","status-publish","format-standard","has-post-thumbnail","hentry","category-news","tag-fabianow"],"_links":{"self":[{"href":"https:\/\/ostrowskatv.pl\/index.php?rest_route=\/wp\/v2\/posts\/13670","targetHints":{"allow":["GET"]}}],"collection":[{"href":"https:\/\/ostrowskatv.pl\/index.php?rest_route=\/wp\/v2\/posts"}],"about":[{"href":"https:\/\/ostrowskatv.pl\/index.php?rest_route=\/wp\/v2\/types\/post"}],"author":[{"embeddable":true,"href":"https:\/\/ostrowskatv.pl\/index.php?rest_route=\/wp\/v2\/users\/1"}],"replies":[{"embeddable":true,"href":"https:\/\/ostrowskatv.pl\/index.php?rest_route=%2Fwp%2Fv2%2Fcomments&post=13670"}],"version-history":[{"count":0,"href":"https:\/\/ostrowskatv.pl\/index.php?rest_route=\/wp\/v2\/posts\/13670\/revisions"}],"wp:featuredmedia":[{"embeddable":true,"href":"https:\/\/ostrowskatv.pl\/index.php?rest_route=\/wp\/v2\/media\/13668"}],"wp:attachment":[{"href":"https:\/\/ostrowskatv.pl\/index.php?rest_route=%2Fwp%2Fv2%2Fmedia&parent=13670"}],"wp:term":[{"taxonomy":"category","embeddable":true,"href":"https:\/\/ostrowskatv.pl\/index.php?rest_route=%2Fwp%2Fv2%2Fcategories&post=13670"},{"taxonomy":"post_tag","embeddable":true,"href":"https:\/\/ostrowskatv.pl\/index.php?rest_route=%2Fwp%2Fv2%2Ftags&post=13670"}],"curies":[{"name":"wp","href":"https:\/\/api.w.org\/{rel}","templated":true}]}}