{"id":13663,"date":"2020-12-09T21:24:48","date_gmt":"2020-12-09T20:24:48","guid":{"rendered":"http:\/\/ostrowska.tv\/?p=13663"},"modified":"2020-12-09T21:24:48","modified_gmt":"2020-12-09T20:24:48","slug":"bracia-poszkodowani-w-pozarze-domu","status":"publish","type":"post","link":"https:\/\/ostrowskatv.pl\/?p=13663","title":{"rendered":"Bracia poszkodowani w po\u017carze domu"},"content":{"rendered":"<p><strong>Dw\u00f3ch braci zosta\u0142o poszkodowanych w po\u017carze domu. Ogie\u0144 zauwa\u017cono przed godzin\u0105 21 w kuchni. Dwaj oko\u0142o 20-letni m\u0119\u017cczy\u017ani powiadomili stra\u017c po\u017carn\u0105 i rozpocz\u0119li pr\u00f3b\u0119 ugaszenia po\u017caru. W efekcie do\u015b\u0107 mocno nawdychali si\u0119 dymu i konieczne okaza\u0142o si\u0119 wezwanie karetki pogotowia ratunkowego. <\/strong><\/p>\n<p>Wraz z nimi w domu przebywa\u0142a jeszcze ich siostra, ale ona nie ucierpia\u0142a w zdarzeniu. Ca\u0142a tr\u00f3jka ewakuowa\u0142a si\u0119 przed przybyciem stra\u017cak\u00f3w. Po\u017car powsta\u0142 podczas podgrzewania potrawy. <\/p>\n<p>W akcji w S\u0142aborowicach bra\u0142y udzia\u0142 jednostki z Ostrowa, Czekanowa i Kwiatkowa. <\/p>\n<div id='gallery-1' class='gallery galleryid-13663 gallery-columns-3 gallery-size-thumbnail'><figure class='gallery-item'>\n\t\t\t<div class='gallery-icon landscape'>\n\t\t\t\t<a href='https:\/\/ostrowskatv.pl\/?attachment_id=13664'><img loading=\"lazy\" decoding=\"async\" width=\"150\" height=\"150\" src=\"https:\/\/ostrowskatv.pl\/wp-content\/uploads\/2020\/12\/IMG_20201209_210056-01-150x150.jpeg\" class=\"attachment-thumbnail size-thumbnail\" alt=\"\" \/><\/a>\n\t\t\t<\/div><\/figure><figure class='gallery-item'>\n\t\t\t<div class='gallery-icon landscape'>\n\t\t\t\t<a href='https:\/\/ostrowskatv.pl\/?attachment_id=13665'><img loading=\"lazy\" decoding=\"async\" width=\"150\" height=\"150\" src=\"https:\/\/ostrowskatv.pl\/wp-content\/uploads\/2020\/12\/IMG_20201209_210255-01-150x150.jpeg\" class=\"attachment-thumbnail size-thumbnail\" alt=\"\" \/><\/a>\n\t\t\t<\/div><\/figure><figure class='gallery-item'>\n\t\t\t<div class='gallery-icon landscape'>\n\t\t\t\t<a href='https:\/\/ostrowskatv.pl\/?attachment_id=13666'><img loading=\"lazy\" decoding=\"async\" width=\"150\" height=\"150\" src=\"https:\/\/ostrowskatv.pl\/wp-content\/uploads\/2020\/12\/IMG_20201209_210211-01-150x150.jpeg\" class=\"attachment-thumbnail size-thumbnail\" alt=\"\" \/><\/a>\n\t\t\t<\/div><\/figure>\n\t\t<\/div>\n\n","protected":false},"excerpt":{"rendered":"Dw\u00f3ch braci zosta\u0142o poszkodowanych w po\u017carze domu. Ogie\u0144 zauwa\u017cono przed godzin\u0105 21 w kuchni. Dwaj oko\u0142o 20-letni m\u0119\u017cczy\u017ani powiadomili stra\u017c po\u017carn\u0105 i rozpocz\u0119li \n<a class=\"moretag\" href=\"https:\/\/ostrowskatv.pl\/?p=13663\"> [...]<\/a>","protected":false},"author":1,"featured_media":13666,"comment_status":"open","ping_status":"closed","sticky":false,"template":"","format":"standard","meta":{"footnotes":""},"categories":[1],"tags":[7],"class_list":["post-13663","post","type-post","status-publish","format-standard","has-post-thumbnail","hentry","category-news","tag-pozar"],"_links":{"self":[{"href":"https:\/\/ostrowskatv.pl\/index.php?rest_route=\/wp\/v2\/posts\/13663","targetHints":{"allow":["GET"]}}],"collection":[{"href":"https:\/\/ostrowskatv.pl\/index.php?rest_route=\/wp\/v2\/posts"}],"about":[{"href":"https:\/\/ostrowskatv.pl\/index.php?rest_route=\/wp\/v2\/types\/post"}],"author":[{"embeddable":true,"href":"https:\/\/ostrowskatv.pl\/index.php?rest_route=\/wp\/v2\/users\/1"}],"replies":[{"embeddable":true,"href":"https:\/\/ostrowskatv.pl\/index.php?rest_route=%2Fwp%2Fv2%2Fcomments&post=13663"}],"version-history":[{"count":0,"href":"https:\/\/ostrowskatv.pl\/index.php?rest_route=\/wp\/v2\/posts\/13663\/revisions"}],"wp:featuredmedia":[{"embeddable":true,"href":"https:\/\/ostrowskatv.pl\/index.php?rest_route=\/wp\/v2\/media\/13666"}],"wp:attachment":[{"href":"https:\/\/ostrowskatv.pl\/index.php?rest_route=%2Fwp%2Fv2%2Fmedia&parent=13663"}],"wp:term":[{"taxonomy":"category","embeddable":true,"href":"https:\/\/ostrowskatv.pl\/index.php?rest_route=%2Fwp%2Fv2%2Fcategories&post=13663"},{"taxonomy":"post_tag","embeddable":true,"href":"https:\/\/ostrowskatv.pl\/index.php?rest_route=%2Fwp%2Fv2%2Ftags&post=13663"}],"curies":[{"name":"wp","href":"https:\/\/api.w.org\/{rel}","templated":true}]}}