{"id":13661,"date":"2020-12-09T13:08:19","date_gmt":"2020-12-09T12:08:19","guid":{"rendered":"http:\/\/ostrowska.tv\/?p=13661"},"modified":"2020-12-09T13:08:19","modified_gmt":"2020-12-09T12:08:19","slug":"protestowali-przy-amfiteatrze","status":"publish","type":"post","link":"https:\/\/ostrowskatv.pl\/?p=13661","title":{"rendered":"Protestowali przy amfiteatrze"},"content":{"rendered":"<p><strong>Grupa niespe\u0142na 30 os\u00f3b spotka\u0142a si\u0119 we wtorkowy wiecz\u00f3r przy ostrowskim amfiteatrze. Zgromadzeni nie zgadzaj\u0105 si\u0119 z dzia\u0142aniami rz\u0105du w kwestii s\u0105downictwa i Unii Europejskiej. Inicjatorem akcji by\u0142a grupa Ostrowski Spacer Protestacyjny &#8222;\u0141a\u0144cuch \u015awiat\u0142a&#8221;.<\/strong><\/p>\n<p>Uczestnicy pikiety wys\u0142uchali na pocz\u0105tku utworu &#8222;Oda do rado\u015bci&#8221;. P\u00f3\u017aniej przemawiano w kwestii Unii Europejskiej i pozycji Polski. Poruszono kwesti\u0119 praworz\u0105dno\u015bci i niezawis\u0142o\u015bci s\u0105d\u00f3w. Na koniec wyra\u017cono opini\u0119 na temat przej\u0119cia przez PKN Orlen sieci regionalnych gazet i portali internetowych, wydawanych dotychczas przez Polska Presse, kt\u00f3rego w\u0142a\u015bcicielem jest niemiecki koncern.<\/p>\n<p>Protestuj\u0105cy przeszli pod S\u0105d Rejonowy, a nast\u0119pnie pod biura parlamentarzyst\u00f3w Prawa i Sprawiedliwo\u015bci.<\/p>\n<div id='gallery-1' class='gallery galleryid-13661 gallery-columns-3 gallery-size-thumbnail'><figure class='gallery-item'>\n\t\t\t<div class='gallery-icon landscape'>\n\t\t\t\t<a href='https:\/\/ostrowskatv.pl\/?attachment_id=13657'><img loading=\"lazy\" decoding=\"async\" width=\"150\" height=\"150\" src=\"https:\/\/ostrowskatv.pl\/wp-content\/uploads\/2020\/12\/IMG_20201208_1821042-01-150x150.jpeg\" class=\"attachment-thumbnail size-thumbnail\" alt=\"\" \/><\/a>\n\t\t\t<\/div><\/figure><figure class='gallery-item'>\n\t\t\t<div class='gallery-icon landscape'>\n\t\t\t\t<a href='https:\/\/ostrowskatv.pl\/?attachment_id=13660'><img loading=\"lazy\" decoding=\"async\" width=\"150\" height=\"150\" src=\"https:\/\/ostrowskatv.pl\/wp-content\/uploads\/2020\/12\/IMG_20201208_1808522-01-150x150.jpeg\" class=\"attachment-thumbnail size-thumbnail\" alt=\"\" \/><\/a>\n\t\t\t<\/div><\/figure><figure class='gallery-item'>\n\t\t\t<div class='gallery-icon landscape'>\n\t\t\t\t<a href='https:\/\/ostrowskatv.pl\/?attachment_id=13659'><img loading=\"lazy\" decoding=\"async\" width=\"150\" height=\"150\" src=\"https:\/\/ostrowskatv.pl\/wp-content\/uploads\/2020\/12\/IMG_20201208_1814522-01-150x150.jpeg\" class=\"attachment-thumbnail size-thumbnail\" alt=\"\" \/><\/a>\n\t\t\t<\/div><\/figure><figure class='gallery-item'>\n\t\t\t<div class='gallery-icon landscape'>\n\t\t\t\t<a href='https:\/\/ostrowskatv.pl\/?attachment_id=13658'><img loading=\"lazy\" decoding=\"async\" width=\"150\" height=\"150\" src=\"https:\/\/ostrowskatv.pl\/wp-content\/uploads\/2020\/12\/IMG_20201208_1821033-01-150x150.jpeg\" class=\"attachment-thumbnail size-thumbnail\" alt=\"\" \/><\/a>\n\t\t\t<\/div><\/figure><figure class='gallery-item'>\n\t\t\t<div class='gallery-icon landscape'>\n\t\t\t\t<a href='https:\/\/ostrowskatv.pl\/?attachment_id=13656'><img loading=\"lazy\" decoding=\"async\" width=\"150\" height=\"150\" src=\"https:\/\/ostrowskatv.pl\/wp-content\/uploads\/2020\/12\/IMG_20201208_1821072-01-150x150.jpeg\" class=\"attachment-thumbnail size-thumbnail\" alt=\"\" \/><\/a>\n\t\t\t<\/div><\/figure><figure class='gallery-item'>\n\t\t\t<div class='gallery-icon landscape'>\n\t\t\t\t<a href='https:\/\/ostrowskatv.pl\/?attachment_id=13655'><img loading=\"lazy\" decoding=\"async\" width=\"150\" height=\"150\" src=\"https:\/\/ostrowskatv.pl\/wp-content\/uploads\/2020\/12\/IMG_20201208_1821092-01-150x150.jpeg\" class=\"attachment-thumbnail size-thumbnail\" alt=\"\" \/><\/a>\n\t\t\t<\/div><\/figure><figure class='gallery-item'>\n\t\t\t<div class='gallery-icon landscape'>\n\t\t\t\t<a href='https:\/\/ostrowskatv.pl\/?attachment_id=13654'><img loading=\"lazy\" decoding=\"async\" width=\"150\" height=\"150\" src=\"https:\/\/ostrowskatv.pl\/wp-content\/uploads\/2020\/12\/IMG_20201208_1821102-01-150x150.jpeg\" class=\"attachment-thumbnail size-thumbnail\" alt=\"\" \/><\/a>\n\t\t\t<\/div><\/figure>\n\t\t<\/div>\n\n","protected":false},"excerpt":{"rendered":"Grupa niespe\u0142na 30 os\u00f3b spotka\u0142a si\u0119 we wtorkowy wiecz\u00f3r przy ostrowskim amfiteatrze. Zgromadzeni nie zgadzaj\u0105 si\u0119 z dzia\u0142aniami rz\u0105du w kwestii s\u0105downictwa i \n<a class=\"moretag\" href=\"https:\/\/ostrowskatv.pl\/?p=13661\"> [...]<\/a>","protected":false},"author":1,"featured_media":13659,"comment_status":"open","ping_status":"closed","sticky":false,"template":"","format":"standard","meta":{"footnotes":""},"categories":[1],"tags":[2],"class_list":["post-13661","post","type-post","status-publish","format-standard","has-post-thumbnail","hentry","category-news","tag-ostrow-wielkopolski"],"_links":{"self":[{"href":"https:\/\/ostrowskatv.pl\/index.php?rest_route=\/wp\/v2\/posts\/13661","targetHints":{"allow":["GET"]}}],"collection":[{"href":"https:\/\/ostrowskatv.pl\/index.php?rest_route=\/wp\/v2\/posts"}],"about":[{"href":"https:\/\/ostrowskatv.pl\/index.php?rest_route=\/wp\/v2\/types\/post"}],"author":[{"embeddable":true,"href":"https:\/\/ostrowskatv.pl\/index.php?rest_route=\/wp\/v2\/users\/1"}],"replies":[{"embeddable":true,"href":"https:\/\/ostrowskatv.pl\/index.php?rest_route=%2Fwp%2Fv2%2Fcomments&post=13661"}],"version-history":[{"count":0,"href":"https:\/\/ostrowskatv.pl\/index.php?rest_route=\/wp\/v2\/posts\/13661\/revisions"}],"wp:featuredmedia":[{"embeddable":true,"href":"https:\/\/ostrowskatv.pl\/index.php?rest_route=\/wp\/v2\/media\/13659"}],"wp:attachment":[{"href":"https:\/\/ostrowskatv.pl\/index.php?rest_route=%2Fwp%2Fv2%2Fmedia&parent=13661"}],"wp:term":[{"taxonomy":"category","embeddable":true,"href":"https:\/\/ostrowskatv.pl\/index.php?rest_route=%2Fwp%2Fv2%2Fcategories&post=13661"},{"taxonomy":"post_tag","embeddable":true,"href":"https:\/\/ostrowskatv.pl\/index.php?rest_route=%2Fwp%2Fv2%2Ftags&post=13661"}],"curies":[{"name":"wp","href":"https:\/\/api.w.org\/{rel}","templated":true}]}}