{"id":13648,"date":"2020-12-06T19:17:28","date_gmt":"2020-12-06T18:17:28","guid":{"rendered":"http:\/\/ostrowska.tv\/?p=13648"},"modified":"2020-12-06T19:24:52","modified_gmt":"2020-12-06T18:24:52","slug":"ostrowianin-zmarl-z-wbitym-nozem-popelnil-samobojstwo","status":"publish","type":"post","link":"https:\/\/ostrowskatv.pl\/?p=13648","title":{"rendered":"Ostrowianin zmar\u0142 z wbitym no\u017cem. Pope\u0142ni\u0142 samob\u00f3jstwo?"},"content":{"rendered":"<p><strong>Po godzinie 14 zaalarmowano karetk\u0119 i policj\u0119, poniewa\u017c w jednym z dom\u00f3w przy ul. Profesora Kaliny w Ostrowie Wielkopolskim odnaleziono zw\u0142oki oko\u0142o 40-letniego m\u0119\u017cczyzny. Mia\u0142 wbity n\u00f3\u017c w korpus od strony brzucha. \u015aledczy sk\u0142onili si\u0119 ku wersji, \u017ce m\u0119\u017cczyzna m\u00f3g\u0142 pope\u0142ni\u0107 samob\u00f3jstwo.<\/strong><\/p>\n<p>Trwa \u015bledztwo maj\u0105ce wyja\u015bni\u0107 szczeg\u00f3\u0142y tej nietypowej \u015bmierci.<\/p>\n","protected":false},"excerpt":{"rendered":"Po godzinie 14 zaalarmowano karetk\u0119 i policj\u0119, poniewa\u017c w jednym z dom\u00f3w przy ul. Profesora Kaliny w Ostrowie Wielkopolskim odnaleziono zw\u0142oki oko\u0142o 40-letniego \n<a class=\"moretag\" href=\"https:\/\/ostrowskatv.pl\/?p=13648\"> [...]<\/a>","protected":false},"author":1,"featured_media":13650,"comment_status":"open","ping_status":"closed","sticky":false,"template":"","format":"standard","meta":{"footnotes":""},"categories":[1],"tags":[2],"class_list":["post-13648","post","type-post","status-publish","format-standard","has-post-thumbnail","hentry","category-news","tag-ostrow-wielkopolski"],"_links":{"self":[{"href":"https:\/\/ostrowskatv.pl\/index.php?rest_route=\/wp\/v2\/posts\/13648","targetHints":{"allow":["GET"]}}],"collection":[{"href":"https:\/\/ostrowskatv.pl\/index.php?rest_route=\/wp\/v2\/posts"}],"about":[{"href":"https:\/\/ostrowskatv.pl\/index.php?rest_route=\/wp\/v2\/types\/post"}],"author":[{"embeddable":true,"href":"https:\/\/ostrowskatv.pl\/index.php?rest_route=\/wp\/v2\/users\/1"}],"replies":[{"embeddable":true,"href":"https:\/\/ostrowskatv.pl\/index.php?rest_route=%2Fwp%2Fv2%2Fcomments&post=13648"}],"version-history":[{"count":0,"href":"https:\/\/ostrowskatv.pl\/index.php?rest_route=\/wp\/v2\/posts\/13648\/revisions"}],"wp:featuredmedia":[{"embeddable":true,"href":"https:\/\/ostrowskatv.pl\/index.php?rest_route=\/wp\/v2\/media\/13650"}],"wp:attachment":[{"href":"https:\/\/ostrowskatv.pl\/index.php?rest_route=%2Fwp%2Fv2%2Fmedia&parent=13648"}],"wp:term":[{"taxonomy":"category","embeddable":true,"href":"https:\/\/ostrowskatv.pl\/index.php?rest_route=%2Fwp%2Fv2%2Fcategories&post=13648"},{"taxonomy":"post_tag","embeddable":true,"href":"https:\/\/ostrowskatv.pl\/index.php?rest_route=%2Fwp%2Fv2%2Ftags&post=13648"}],"curies":[{"name":"wp","href":"https:\/\/api.w.org\/{rel}","templated":true}]}}