{"id":13639,"date":"2020-12-06T18:03:02","date_gmt":"2020-12-06T17:03:02","guid":{"rendered":"http:\/\/ostrowska.tv\/?p=13639"},"modified":"2020-12-06T18:22:08","modified_gmt":"2020-12-06T17:22:08","slug":"mikolaj-odwiedzil-dzieci-pod-ostrowem","status":"publish","type":"post","link":"https:\/\/ostrowskatv.pl\/?p=13639","title":{"rendered":"\u015aw. Miko\u0142aj odwiedzi\u0142 dzieci pod Ostrowem"},"content":{"rendered":"<p><strong>Dzieci, zw\u0142aszcza te grzeczne, mog\u0142y dzi\u015b pozna\u0107 \u015awi\u0119tego Miko\u0142aja, kt\u00f3ry w towarzystwie pi\u0119knych \u015anie\u017cynek i elfika rozwozi\u0142 s\u0142odkie upominki.<\/strong><\/p>\n<p>Tam gdzie dzieci nie mog\u0142y podej\u015b\u0107 do p\u0142otu, pomocnice \u015aw. Miko\u0142aja zawiesza\u0142y \u015bwi\u0105teczne skarpetki wype\u0142nione s\u0142odko\u015bciami. Zar\u00f3wno dla milusi\u0144skich jak i doros\u0142ych, by\u0142y to wzruszaj\u0105ce chwile. Na szcz\u0119\u015bcie magicznym saniom nie przeszkadza\u0142 brak \u015bniegu.<\/p>\n<p>Na te form\u0119 uczczenia Miko\u0142ajek wpad\u0142y w\u0142adze wsi Karski i organizacje takie jak Ko\u0142o Gospody\u0144 Wiejskich czy miejscowe OSP.<\/p>\n<div id='gallery-1' class='gallery galleryid-13639 gallery-columns-3 gallery-size-thumbnail'><figure class='gallery-item'>\n\t\t\t<div class='gallery-icon landscape'>\n\t\t\t\t<a href='https:\/\/ostrowskatv.pl\/?attachment_id=13640'><img loading=\"lazy\" decoding=\"async\" width=\"150\" height=\"150\" src=\"https:\/\/ostrowskatv.pl\/wp-content\/uploads\/2020\/12\/IMG_20201206_161534-01-150x150.jpeg\" class=\"attachment-thumbnail size-thumbnail\" alt=\"\" \/><\/a>\n\t\t\t<\/div><\/figure><figure class='gallery-item'>\n\t\t\t<div class='gallery-icon landscape'>\n\t\t\t\t<a href='https:\/\/ostrowskatv.pl\/?attachment_id=13641'><img loading=\"lazy\" decoding=\"async\" width=\"150\" height=\"150\" src=\"https:\/\/ostrowskatv.pl\/wp-content\/uploads\/2020\/12\/IMG_20201206_161529-01-150x150.jpeg\" class=\"attachment-thumbnail size-thumbnail\" alt=\"\" \/><\/a>\n\t\t\t<\/div><\/figure><figure class='gallery-item'>\n\t\t\t<div class='gallery-icon landscape'>\n\t\t\t\t<a href='https:\/\/ostrowskatv.pl\/?attachment_id=13643'><img loading=\"lazy\" decoding=\"async\" width=\"150\" height=\"150\" src=\"https:\/\/ostrowskatv.pl\/wp-content\/uploads\/2020\/12\/IMG_20201206_160112-01-150x150.jpeg\" class=\"attachment-thumbnail size-thumbnail\" alt=\"\" \/><\/a>\n\t\t\t<\/div><\/figure><figure class='gallery-item'>\n\t\t\t<div class='gallery-icon landscape'>\n\t\t\t\t<a href='https:\/\/ostrowskatv.pl\/?attachment_id=13646'><img loading=\"lazy\" decoding=\"async\" width=\"150\" height=\"150\" src=\"https:\/\/ostrowskatv.pl\/wp-content\/uploads\/2020\/12\/IMG_20201206_160122-01-150x150.jpeg\" class=\"attachment-thumbnail size-thumbnail\" alt=\"\" \/><\/a>\n\t\t\t<\/div><\/figure>\n\t\t<\/div>\n\n","protected":false},"excerpt":{"rendered":"Dzieci, zw\u0142aszcza te grzeczne, mog\u0142y dzi\u015b pozna\u0107 \u015awi\u0119tego Miko\u0142aja, kt\u00f3ry w towarzystwie pi\u0119knych \u015anie\u017cynek i elfika rozwozi\u0142 s\u0142odkie upominki. Tam gdzie dzieci nie \n<a class=\"moretag\" href=\"https:\/\/ostrowskatv.pl\/?p=13639\"> [...]<\/a>","protected":false},"author":1,"featured_media":13646,"comment_status":"open","ping_status":"closed","sticky":false,"template":"","format":"standard","meta":{"footnotes":""},"categories":[1],"tags":[177],"class_list":["post-13639","post","type-post","status-publish","format-standard","has-post-thumbnail","hentry","category-news","tag-karski"],"_links":{"self":[{"href":"https:\/\/ostrowskatv.pl\/index.php?rest_route=\/wp\/v2\/posts\/13639","targetHints":{"allow":["GET"]}}],"collection":[{"href":"https:\/\/ostrowskatv.pl\/index.php?rest_route=\/wp\/v2\/posts"}],"about":[{"href":"https:\/\/ostrowskatv.pl\/index.php?rest_route=\/wp\/v2\/types\/post"}],"author":[{"embeddable":true,"href":"https:\/\/ostrowskatv.pl\/index.php?rest_route=\/wp\/v2\/users\/1"}],"replies":[{"embeddable":true,"href":"https:\/\/ostrowskatv.pl\/index.php?rest_route=%2Fwp%2Fv2%2Fcomments&post=13639"}],"version-history":[{"count":0,"href":"https:\/\/ostrowskatv.pl\/index.php?rest_route=\/wp\/v2\/posts\/13639\/revisions"}],"wp:featuredmedia":[{"embeddable":true,"href":"https:\/\/ostrowskatv.pl\/index.php?rest_route=\/wp\/v2\/media\/13646"}],"wp:attachment":[{"href":"https:\/\/ostrowskatv.pl\/index.php?rest_route=%2Fwp%2Fv2%2Fmedia&parent=13639"}],"wp:term":[{"taxonomy":"category","embeddable":true,"href":"https:\/\/ostrowskatv.pl\/index.php?rest_route=%2Fwp%2Fv2%2Fcategories&post=13639"},{"taxonomy":"post_tag","embeddable":true,"href":"https:\/\/ostrowskatv.pl\/index.php?rest_route=%2Fwp%2Fv2%2Ftags&post=13639"}],"curies":[{"name":"wp","href":"https:\/\/api.w.org\/{rel}","templated":true}]}}