{"id":13633,"date":"2020-12-06T02:04:46","date_gmt":"2020-12-06T01:04:46","guid":{"rendered":"http:\/\/ostrowska.tv\/?p=13633"},"modified":"2020-12-06T10:07:12","modified_gmt":"2020-12-06T09:07:12","slug":"pozar-stolarni-w-biskupicach-olobocznych","status":"publish","type":"post","link":"https:\/\/ostrowskatv.pl\/?p=13633","title":{"rendered":"Po\u017car stolarni w Biskupicach O\u0142obocznych (aktualizacja)"},"content":{"rendered":"<p><strong>W nocy oko\u0142o godziny 1:45 zauwa\u017cono po\u017car stolarni w Biskupicach O\u0142obocznych przy ul. \u0141\u0105kowej. Na miejsce zadysponowano w sumie 15 zast\u0119p\u00f3w stra\u017cy po\u017carnej, w tym dwie cysterny (z Ostrowa i Kalisza) oraz samoch\u00f3d z kontenerem do nape\u0142niania butli z powietrzem<\/strong>.<\/p>\n<p>Kiedy stra\u017cacy dojechali na miejsce, kilkumetrowe p\u0142omienie wydobywa\u0142y si\u0119 z jednego z budynk\u00f3w. Stra\u017cacy zacz\u0119li gasi\u0107 \u017ar\u00f3d\u0142o po\u017caru, a tak\u017ce polewa\u0107 s\u0105siaduj\u0105ce hale. Stolarnia mia\u0142a rozmiary 30&#215;12 metr\u00f3w. By\u0142a wype\u0142niona deskami. <\/p>\n<p>Problemem by\u0142o zbyt s\u0142abe ci\u015bnienie w hydrancie do skutecznego gaszenia po\u017caru, st\u0105d decyzja o wezwaniu cystern. Stra\u017cacy utworzyli tak\u017ce punkt czerpania wody na terenie firmy Tasomix. <\/p>\n<p>O godz. 4 uda\u0142o si\u0119 opanowa\u0107 po\u017car. W dalsze cz\u0119\u015bci wywo\u017cono materia\u0142 palny z budynku i przelewano go wod\u0105. <\/p>\n<div id='gallery-1' class='gallery galleryid-13633 gallery-columns-3 gallery-size-thumbnail'><figure class='gallery-item'>\n\t\t\t<div class='gallery-icon portrait'>\n\t\t\t\t<a href='https:\/\/ostrowskatv.pl\/?attachment_id=13636'><img loading=\"lazy\" decoding=\"async\" width=\"150\" height=\"150\" src=\"https:\/\/ostrowskatv.pl\/wp-content\/uploads\/2020\/12\/IMG_20201206_015500-01-150x150.jpeg\" class=\"attachment-thumbnail size-thumbnail\" alt=\"\" \/><\/a>\n\t\t\t<\/div><\/figure><figure class='gallery-item'>\n\t\t\t<div class='gallery-icon landscape'>\n\t\t\t\t<a href='https:\/\/ostrowskatv.pl\/?attachment_id=13637'><img loading=\"lazy\" decoding=\"async\" width=\"150\" height=\"150\" src=\"https:\/\/ostrowskatv.pl\/wp-content\/uploads\/2020\/12\/IMG_20201206_0149332-01-150x150.jpeg\" class=\"attachment-thumbnail size-thumbnail\" alt=\"\" \/><\/a>\n\t\t\t<\/div><\/figure><figure class='gallery-item'>\n\t\t\t<div class='gallery-icon landscape'>\n\t\t\t\t<a href='https:\/\/ostrowskatv.pl\/?attachment_id=13634'><img loading=\"lazy\" decoding=\"async\" width=\"150\" height=\"150\" src=\"https:\/\/ostrowskatv.pl\/wp-content\/uploads\/2020\/12\/IMG_20201206_015838-02-150x150.jpeg\" class=\"attachment-thumbnail size-thumbnail\" alt=\"\" \/><\/a>\n\t\t\t<\/div><\/figure>\n\t\t<\/div>\n\n","protected":false},"excerpt":{"rendered":"W nocy oko\u0142o godziny 1:45 zauwa\u017cono po\u017car stolarni w Biskupicach O\u0142obocznych przy ul. \u0141\u0105kowej. Na miejsce zadysponowano w sumie 15 zast\u0119p\u00f3w stra\u017cy po\u017carnej, \n<a class=\"moretag\" href=\"https:\/\/ostrowskatv.pl\/?p=13633\"> [...]<\/a>","protected":false},"author":1,"featured_media":13634,"comment_status":"open","ping_status":"closed","sticky":false,"template":"","format":"standard","meta":{"footnotes":""},"categories":[1],"tags":[7],"class_list":["post-13633","post","type-post","status-publish","format-standard","has-post-thumbnail","hentry","category-news","tag-pozar"],"_links":{"self":[{"href":"https:\/\/ostrowskatv.pl\/index.php?rest_route=\/wp\/v2\/posts\/13633","targetHints":{"allow":["GET"]}}],"collection":[{"href":"https:\/\/ostrowskatv.pl\/index.php?rest_route=\/wp\/v2\/posts"}],"about":[{"href":"https:\/\/ostrowskatv.pl\/index.php?rest_route=\/wp\/v2\/types\/post"}],"author":[{"embeddable":true,"href":"https:\/\/ostrowskatv.pl\/index.php?rest_route=\/wp\/v2\/users\/1"}],"replies":[{"embeddable":true,"href":"https:\/\/ostrowskatv.pl\/index.php?rest_route=%2Fwp%2Fv2%2Fcomments&post=13633"}],"version-history":[{"count":0,"href":"https:\/\/ostrowskatv.pl\/index.php?rest_route=\/wp\/v2\/posts\/13633\/revisions"}],"wp:featuredmedia":[{"embeddable":true,"href":"https:\/\/ostrowskatv.pl\/index.php?rest_route=\/wp\/v2\/media\/13634"}],"wp:attachment":[{"href":"https:\/\/ostrowskatv.pl\/index.php?rest_route=%2Fwp%2Fv2%2Fmedia&parent=13633"}],"wp:term":[{"taxonomy":"category","embeddable":true,"href":"https:\/\/ostrowskatv.pl\/index.php?rest_route=%2Fwp%2Fv2%2Fcategories&post=13633"},{"taxonomy":"post_tag","embeddable":true,"href":"https:\/\/ostrowskatv.pl\/index.php?rest_route=%2Fwp%2Fv2%2Ftags&post=13633"}],"curies":[{"name":"wp","href":"https:\/\/api.w.org\/{rel}","templated":true}]}}