{"id":1363,"date":"2016-05-13T09:11:56","date_gmt":"2016-05-13T08:11:56","guid":{"rendered":"http:\/\/ostrowska.tv\/?p=1363"},"modified":"2016-05-13T10:13:46","modified_gmt":"2016-05-13T09:13:46","slug":"wykoleil-sie-pociag-w-sosniach","status":"publish","type":"post","link":"https:\/\/ostrowskatv.pl\/?p=1363","title":{"rendered":"Wykolei\u0142 si\u0119 poci\u0105g w So\u015bniach"},"content":{"rendered":"<p><strong>13-go w pi\u0105tek wykolei\u0142o si\u0119 10 wagon\u00f3w w So\u015bniach. Do wypadku dosz\u0142o na odcinku Ole\u015bnica-Ostr\u00f3w Wielkopolski. Poci\u0105g towarowy przewozi\u0142 t\u0142ucze\u0144. Ze wst\u0119pnych ustale\u0144 wynika, \u017ce przyczyn\u0105 wykolejenia by\u0142a awaria uk\u0142adu jezdnego w jednym z wagon\u00f3w. Element zawieszenia uszkodzi\u0142 si\u0119 jeszcze w pobliskim lesie, a dopiero na wysoko\u015bci stacji kolejowej So\u015bnie Ostrowskie wykolei\u0142y si\u0119 wagony. W zdarzeniu nikt nie ucierpia\u0142. Pasa\u017cerowie s\u0105 przewo\u017ceni transportem zast\u0119pczym, a poci\u0105gi Inter City je\u017cd\u017c\u0105 przez Krotoszyn. Na miejscu jest wiele og\u00f3lnopolskich medi\u00f3w.<\/strong><\/p>\n<p><iframe loading=\"lazy\" width=\"640\" height=\"360\" src=\"https:\/\/www.youtube.com\/embed\/XKaI446Nvtg\" frameborder=\"0\" allowfullscreen><\/iframe><\/p>\n<div id='gallery-1' class='gallery galleryid-1363 gallery-columns-3 gallery-size-thumbnail'><figure class='gallery-item'>\n\t\t\t<div class='gallery-icon landscape'>\n\t\t\t\t<a href='https:\/\/ostrowskatv.pl\/?attachment_id=1362'><img loading=\"lazy\" decoding=\"async\" width=\"150\" height=\"150\" src=\"https:\/\/ostrowskatv.pl\/wp-content\/uploads\/2016\/05\/tmp_14737-pociag-sosnie11860204890-150x150.jpg\" class=\"attachment-thumbnail size-thumbnail\" alt=\"\" \/><\/a>\n\t\t\t<\/div><\/figure><figure class='gallery-item'>\n\t\t\t<div class='gallery-icon landscape'>\n\t\t\t\t<a href='https:\/\/ostrowskatv.pl\/?attachment_id=1361'><img loading=\"lazy\" decoding=\"async\" width=\"150\" height=\"150\" src=\"https:\/\/ostrowskatv.pl\/wp-content\/uploads\/2016\/05\/tmp_14737-pociag-sosnie2-136251869-150x150.jpg\" class=\"attachment-thumbnail size-thumbnail\" alt=\"\" \/><\/a>\n\t\t\t<\/div><\/figure>\n\t\t<\/div>\n\n","protected":false},"excerpt":{"rendered":"13-go w pi\u0105tek wykolei\u0142o si\u0119 10 wagon\u00f3w w So\u015bniach. Do wypadku dosz\u0142o na odcinku Ole\u015bnica-Ostr\u00f3w Wielkopolski. Poci\u0105g towarowy przewozi\u0142 t\u0142ucze\u0144. Ze wst\u0119pnych ustale\u0144 \n<a class=\"moretag\" href=\"https:\/\/ostrowskatv.pl\/?p=1363\"> [...]<\/a>","protected":false},"author":1,"featured_media":1361,"comment_status":"open","ping_status":"open","sticky":false,"template":"","format":"standard","meta":{"footnotes":""},"categories":[1],"tags":[42],"class_list":["post-1363","post","type-post","status-publish","format-standard","has-post-thumbnail","hentry","category-news","tag-sosnie"],"_links":{"self":[{"href":"https:\/\/ostrowskatv.pl\/index.php?rest_route=\/wp\/v2\/posts\/1363","targetHints":{"allow":["GET"]}}],"collection":[{"href":"https:\/\/ostrowskatv.pl\/index.php?rest_route=\/wp\/v2\/posts"}],"about":[{"href":"https:\/\/ostrowskatv.pl\/index.php?rest_route=\/wp\/v2\/types\/post"}],"author":[{"embeddable":true,"href":"https:\/\/ostrowskatv.pl\/index.php?rest_route=\/wp\/v2\/users\/1"}],"replies":[{"embeddable":true,"href":"https:\/\/ostrowskatv.pl\/index.php?rest_route=%2Fwp%2Fv2%2Fcomments&post=1363"}],"version-history":[{"count":0,"href":"https:\/\/ostrowskatv.pl\/index.php?rest_route=\/wp\/v2\/posts\/1363\/revisions"}],"wp:featuredmedia":[{"embeddable":true,"href":"https:\/\/ostrowskatv.pl\/index.php?rest_route=\/wp\/v2\/media\/1361"}],"wp:attachment":[{"href":"https:\/\/ostrowskatv.pl\/index.php?rest_route=%2Fwp%2Fv2%2Fmedia&parent=1363"}],"wp:term":[{"taxonomy":"category","embeddable":true,"href":"https:\/\/ostrowskatv.pl\/index.php?rest_route=%2Fwp%2Fv2%2Fcategories&post=1363"},{"taxonomy":"post_tag","embeddable":true,"href":"https:\/\/ostrowskatv.pl\/index.php?rest_route=%2Fwp%2Fv2%2Ftags&post=1363"}],"curies":[{"name":"wp","href":"https:\/\/api.w.org\/{rel}","templated":true}]}}