{"id":13626,"date":"2020-12-06T00:35:58","date_gmt":"2020-12-05T23:35:58","guid":{"rendered":"http:\/\/ostrowska.tv\/?p=13626"},"modified":"2020-12-06T00:35:58","modified_gmt":"2020-12-05T23:35:58","slug":"protest-rolnikow-pod-komenda-policji","status":"publish","type":"post","link":"https:\/\/ostrowskatv.pl\/?p=13626","title":{"rendered":"Protest rolnik\u00f3w pod komend\u0105 policji"},"content":{"rendered":"<blockquote><p><strong>&#8222;Szanowni pa\u0144stwo prosi\u0142bym o jak najszybsze przybycie wszystkich z was pod komend\u0119 policji w Ostrowie Wielkopolskim. Policja zatrzyma\u0142a trzech rolnik\u00f3w, kt\u00f3rzy wed\u0142ug nich rozwiesili banery informuj\u0105ce, \u017ce ochrona policji pos\u0142a Lawniczaka w Nowych Skalmierzycach kosztowa\u0142a 40 tysi\u0119cy z\u0142otych. Nie zostawiamy swoich!!! Traktory ju\u017c w drodze!!&#8221; &#8211; napisa\u0142 jeden z uczestnik\u00f3w protestu pod komend\u0105 policji.<\/strong><\/p><\/blockquote>\n<p><iframe loading=\"lazy\" style=\"border: none; overflow: hidden;\" src=\"https:\/\/www.facebook.com\/plugins\/video.php?height=476&amp;href=https%3A%2F%2Fwww.facebook.com%2Fmateusz.kacperkiewicz%2Fvideos%2F2113349575465333%2F&amp;show_text=false&amp;width=267\" width=\"267\" height=\"476\" frameborder=\"0\" scrolling=\"no\" allowfullscreen=\"allowfullscreen\"><\/iframe><\/p>\n<p>Aktualizacja:<br \/>\nNaczelnik prewencji ze schod\u00f3w przekaza\u0142 zebranym, \u017ce maj\u0105 5 minut na opuszczenie &#8222;nielegalnego zgromadzenia&#8221;. Po tym czasie wysz\u0142a grupa funkcjonariuszy i zacz\u0119\u0142a legitymowa\u0107 oko\u0142o 30-osobow\u0105 grup\u0119, kt\u00f3rej uczestnicy deklarowali spacer pod komend\u0105.<\/p>\n<p>Policjanci upierali si\u0119, \u017ce to nielegalne zgromadzenie. Jednego z uczestnik\u00f3w si\u0142owo zaprowadzili do budynku komendy, poniewa\u017c &#8222;w stresie nie potrafi\u0142 sobie przypomnie\u0107 swoich danych.&#8221;<\/p>\n<p>Do komendy przyjecha\u0142 I zast\u0119pca komendanta Krystian \u0141api\u0144ski. Dw\u00f3ch delegat\u00f3w uda\u0142o si\u0119 na rozmow\u0119. Po pewnej chwili wyszli informuj\u0105c, \u017ce Komendant zadeklarowa\u0142 wypuszczenie zatrzymanych w ci\u0105gu dw\u00f3ch godzin, a nie jak wcze\u015bniej zapowiadano w niedzielne przedpo\u0142udnie.<\/p>\n<p>Przypomnijmy, \u017ce chodzi o powieszenie baner\u00f3w na znakach wjazdowych do Nowych Skalmierzyc, co najpewniej jest zwyk\u0142ym wykroczeniem. Rolnicy uwa\u017caj\u0105, \u017ce dzia\u0142ania policjant\u00f3w maj\u0105 na celu uprzykrzy\u0107 im \u017cycie.<\/p>\n<p>Nieoficjalnie uda\u0142o si\u0119 nam dowiedzie\u0107, \u017ce policja wytypowa\u0142a potencjalnych sprawc\u00f3w na podstawie monitoringu zamontowanego na wje\u017adzie do N. Skalmierzyc, kt\u00f3ry nagra\u0142 tablice rejestracyjne. S\u0105 to mieszka\u0144cy powiatu kaliskiego.<\/p>\n<div id='gallery-1' class='gallery galleryid-13626 gallery-columns-3 gallery-size-thumbnail'><figure class='gallery-item'>\n\t\t\t<div class='gallery-icon landscape'>\n\t\t\t\t<a href='https:\/\/ostrowskatv.pl\/?attachment_id=13627'><img loading=\"lazy\" decoding=\"async\" width=\"150\" height=\"150\" src=\"https:\/\/ostrowskatv.pl\/wp-content\/uploads\/2020\/12\/IMG_20201205_231526-01-150x150.jpeg\" class=\"attachment-thumbnail size-thumbnail\" alt=\"\" \/><\/a>\n\t\t\t<\/div><\/figure><figure class='gallery-item'>\n\t\t\t<div class='gallery-icon landscape'>\n\t\t\t\t<a href='https:\/\/ostrowskatv.pl\/?attachment_id=13628'><img loading=\"lazy\" decoding=\"async\" width=\"150\" height=\"150\" src=\"https:\/\/ostrowskatv.pl\/wp-content\/uploads\/2020\/12\/IMG_20201205_224342-01-150x150.jpeg\" class=\"attachment-thumbnail size-thumbnail\" alt=\"\" \/><\/a>\n\t\t\t<\/div><\/figure><figure class='gallery-item'>\n\t\t\t<div class='gallery-icon landscape'>\n\t\t\t\t<a href='https:\/\/ostrowskatv.pl\/?attachment_id=13629'><img loading=\"lazy\" decoding=\"async\" width=\"150\" height=\"150\" src=\"https:\/\/ostrowskatv.pl\/wp-content\/uploads\/2020\/12\/IMG_20201205_223638-01-150x150.jpeg\" class=\"attachment-thumbnail size-thumbnail\" alt=\"\" \/><\/a>\n\t\t\t<\/div><\/figure><figure class='gallery-item'>\n\t\t\t<div class='gallery-icon landscape'>\n\t\t\t\t<a href='https:\/\/ostrowskatv.pl\/?attachment_id=13630'><img loading=\"lazy\" decoding=\"async\" width=\"150\" height=\"150\" src=\"https:\/\/ostrowskatv.pl\/wp-content\/uploads\/2020\/12\/IMG_20201205_223455-01-150x150.jpeg\" class=\"attachment-thumbnail size-thumbnail\" alt=\"\" \/><\/a>\n\t\t\t<\/div><\/figure><figure class='gallery-item'>\n\t\t\t<div class='gallery-icon landscape'>\n\t\t\t\t<a href='https:\/\/ostrowskatv.pl\/?attachment_id=13631'><img loading=\"lazy\" decoding=\"async\" width=\"150\" height=\"150\" src=\"https:\/\/ostrowskatv.pl\/wp-content\/uploads\/2020\/12\/IMG_20201205_223255-01-150x150.jpeg\" class=\"attachment-thumbnail size-thumbnail\" alt=\"\" \/><\/a>\n\t\t\t<\/div><\/figure>\n\t\t<\/div>\n\n","protected":false},"excerpt":{"rendered":"&#8222;Szanowni pa\u0144stwo prosi\u0142bym o jak najszybsze przybycie wszystkich z was pod komend\u0119 policji w Ostrowie Wielkopolskim. Policja zatrzyma\u0142a trzech rolnik\u00f3w, kt\u00f3rzy wed\u0142ug nich \n<a class=\"moretag\" href=\"https:\/\/ostrowskatv.pl\/?p=13626\"> [...]<\/a>","protected":false},"author":1,"featured_media":13629,"comment_status":"open","ping_status":"closed","sticky":false,"template":"","format":"standard","meta":{"footnotes":""},"categories":[1],"tags":[2],"class_list":["post-13626","post","type-post","status-publish","format-standard","has-post-thumbnail","hentry","category-news","tag-ostrow-wielkopolski"],"_links":{"self":[{"href":"https:\/\/ostrowskatv.pl\/index.php?rest_route=\/wp\/v2\/posts\/13626","targetHints":{"allow":["GET"]}}],"collection":[{"href":"https:\/\/ostrowskatv.pl\/index.php?rest_route=\/wp\/v2\/posts"}],"about":[{"href":"https:\/\/ostrowskatv.pl\/index.php?rest_route=\/wp\/v2\/types\/post"}],"author":[{"embeddable":true,"href":"https:\/\/ostrowskatv.pl\/index.php?rest_route=\/wp\/v2\/users\/1"}],"replies":[{"embeddable":true,"href":"https:\/\/ostrowskatv.pl\/index.php?rest_route=%2Fwp%2Fv2%2Fcomments&post=13626"}],"version-history":[{"count":0,"href":"https:\/\/ostrowskatv.pl\/index.php?rest_route=\/wp\/v2\/posts\/13626\/revisions"}],"wp:featuredmedia":[{"embeddable":true,"href":"https:\/\/ostrowskatv.pl\/index.php?rest_route=\/wp\/v2\/media\/13629"}],"wp:attachment":[{"href":"https:\/\/ostrowskatv.pl\/index.php?rest_route=%2Fwp%2Fv2%2Fmedia&parent=13626"}],"wp:term":[{"taxonomy":"category","embeddable":true,"href":"https:\/\/ostrowskatv.pl\/index.php?rest_route=%2Fwp%2Fv2%2Fcategories&post=13626"},{"taxonomy":"post_tag","embeddable":true,"href":"https:\/\/ostrowskatv.pl\/index.php?rest_route=%2Fwp%2Fv2%2Ftags&post=13626"}],"curies":[{"name":"wp","href":"https:\/\/api.w.org\/{rel}","templated":true}]}}