{"id":13615,"date":"2020-12-04T10:27:47","date_gmt":"2020-12-04T09:27:47","guid":{"rendered":"http:\/\/ostrowska.tv\/?p=13615"},"modified":"2020-12-04T10:37:30","modified_gmt":"2020-12-04T09:37:30","slug":"kierowca-wpadl-w-atak-histerii-po-kolizji","status":"publish","type":"post","link":"https:\/\/ostrowskatv.pl\/?p=13615","title":{"rendered":"Kierowca dosta\u0142 stan\u00f3w l\u0119kowych po kolizji"},"content":{"rendered":"<p><strong>M\u0119\u017cczyzna kieruj\u0105c Renault wje\u017cd\u017ca\u0142 na obwodnic\u0119 Ostrowa od strony w\u0119z\u0142a Franklin\u00f3w. Przy zw\u0119\u017ceniu z dw\u00f3ch pas\u00f3w do jednego straci\u0142 kontrol\u0119 nad autem i uderzy\u0142 w znak drogowy znajduj\u0105cy si\u0119 na wysepce. Bezpo\u015brednio po zdarzeniu kierowca dosta\u0142 stan\u00f3w l\u0119kowych<\/strong>.<\/p>\n<p>M\u0119\u017cczyzna zosta\u0142 posadzony przez \u015bwiadk\u00f3w na fotelu pasa\u017cera. Nic nie wskazywa\u0142o na obra\u017cenia fizyczne, dlatego po zabezpieczeniu miejsca zdarzenia, przyst\u0105piono do zapewnienia wsparcia psychicznego.<\/p>\n<p>\u017beby zmniejszy\u0107 niebezpiecze\u0144stwo na tego typu drodze, \u015bwiadkowie podj\u0119li decyzj\u0119 o zjechaniu autem na wysepk\u0119. Powiadomiono s\u0142u\u017cby ratunkowe. Jeden ze \u015bwiadk\u00f3w rozpocz\u0105\u0142 wspieranie psychiczne.<\/p>\n<p>Spokojnym tonem przekonywa\u0142 m\u0119\u017cczyzn\u0119, \u017ce nic si\u0119 w\u0142a\u015bciwie nie sta\u0142o, \u017ce to tylko zwyk\u0142a kolizja, \u017ce nikt nie zosta\u0142 ranny. W tym czasie masowa\u0142 plecy m\u0119\u017cczy\u017anie. Po chwili zacz\u0105\u0142 si\u0119 uspokaja\u0107. Po doje\u017adzie stra\u017cak\u00f3w, przekazano poszkodowanego pod ich opiek\u0119. Wezwano tak\u017ce karetk\u0119.<\/p>\n<div class=\"co8aDb XcVN5d\" role=\"heading\" aria-level=\"3\"><b>Objawy\u00a0w przypadku l\u0119ku uog\u00f3lnionego s\u0105 to m.in.:<\/b><\/div>\n<div class=\"RqBzHd\">\n<ul class=\"i8Z77e\">\n<li class=\"TrT0Xe\">sta\u0142e uczucie zdenerwowania,<\/li>\n<li class=\"TrT0Xe\">dr\u017cenie,<\/li>\n<li class=\"TrT0Xe\">napi\u0119cie mi\u0119\u015bniowe,<\/li>\n<li class=\"TrT0Xe\">pocenie si\u0119,<\/li>\n<li class=\"TrT0Xe\">zawroty g\u0142owy,<\/li>\n<li class=\"TrT0Xe\">przyspieszone bicie serca,<\/li>\n<li class=\"TrT0Xe\">bezradno\u015b\u0107,<\/li>\n<li class=\"TrT0Xe\">spodziewanie si\u0119 czego\u015b negatywnego, nieokre\u015blonego.<\/li>\n<\/ul>\n<\/div>\n","protected":false},"excerpt":{"rendered":"M\u0119\u017cczyzna kieruj\u0105c Renault wje\u017cd\u017ca\u0142 na obwodnic\u0119 Ostrowa od strony w\u0119z\u0142a Franklin\u00f3w. Przy zw\u0119\u017ceniu z dw\u00f3ch pas\u00f3w do jednego straci\u0142 kontrol\u0119 nad autem i \n<a class=\"moretag\" href=\"https:\/\/ostrowskatv.pl\/?p=13615\"> [...]<\/a>","protected":false},"author":1,"featured_media":13617,"comment_status":"open","ping_status":"closed","sticky":false,"template":"","format":"standard","meta":{"footnotes":""},"categories":[1],"tags":[48],"class_list":["post-13615","post","type-post","status-publish","format-standard","has-post-thumbnail","hentry","category-news","tag-kolizja"],"_links":{"self":[{"href":"https:\/\/ostrowskatv.pl\/index.php?rest_route=\/wp\/v2\/posts\/13615","targetHints":{"allow":["GET"]}}],"collection":[{"href":"https:\/\/ostrowskatv.pl\/index.php?rest_route=\/wp\/v2\/posts"}],"about":[{"href":"https:\/\/ostrowskatv.pl\/index.php?rest_route=\/wp\/v2\/types\/post"}],"author":[{"embeddable":true,"href":"https:\/\/ostrowskatv.pl\/index.php?rest_route=\/wp\/v2\/users\/1"}],"replies":[{"embeddable":true,"href":"https:\/\/ostrowskatv.pl\/index.php?rest_route=%2Fwp%2Fv2%2Fcomments&post=13615"}],"version-history":[{"count":0,"href":"https:\/\/ostrowskatv.pl\/index.php?rest_route=\/wp\/v2\/posts\/13615\/revisions"}],"wp:featuredmedia":[{"embeddable":true,"href":"https:\/\/ostrowskatv.pl\/index.php?rest_route=\/wp\/v2\/media\/13617"}],"wp:attachment":[{"href":"https:\/\/ostrowskatv.pl\/index.php?rest_route=%2Fwp%2Fv2%2Fmedia&parent=13615"}],"wp:term":[{"taxonomy":"category","embeddable":true,"href":"https:\/\/ostrowskatv.pl\/index.php?rest_route=%2Fwp%2Fv2%2Fcategories&post=13615"},{"taxonomy":"post_tag","embeddable":true,"href":"https:\/\/ostrowskatv.pl\/index.php?rest_route=%2Fwp%2Fv2%2Ftags&post=13615"}],"curies":[{"name":"wp","href":"https:\/\/api.w.org\/{rel}","templated":true}]}}