{"id":13613,"date":"2020-12-03T13:33:09","date_gmt":"2020-12-03T12:33:09","guid":{"rendered":"http:\/\/ostrowska.tv\/?p=13613"},"modified":"2020-12-03T13:33:09","modified_gmt":"2020-12-03T12:33:09","slug":"zlot-milosnikow-letnich-opon-foto-wideo","status":"publish","type":"post","link":"https:\/\/ostrowskatv.pl\/?p=13613","title":{"rendered":"Zlot mi\u0142o\u015bnik\u00f3w letnich opon (foto +wideo)"},"content":{"rendered":"<p><strong>W ci\u0105gu kilkudziesi\u0119ciu minut dosz\u0142o do oko\u0142o 10 kolizji na terenie powiatu ostrowskiego. Po\u015bredni\u0105 przyczyn\u0105 by\u0142 zalegaj\u0105cy \u015bnieg na wielu drogach. Niestety jeszcze nie wszyscy wymienili opony na zimowe, a ci na letnich nie zachowywali szczeg\u00f3lnej ostro\u017cno\u015bci.<\/strong><\/p>\n<p>Tak by\u0142o m.in. w przypadku zderzenia na skrzy\u017cowaniu ulic Ok\u00f3lna i Czarnieckiego w Ostrowie Wlkp. Kieruj\u0105ca bia\u0142ym Volvo na \u0142uku drogi pojecha\u0142a prosto, uderzaj\u0105c w Forda Kug\u0119, r\u00f3wnie\u017c kierowanego przez kobiet\u0119. Ford mia\u0142 zamontowane opony ca\u0142oroczne, a Volvo letnie.<\/p>\n<p>Pozosta\u0142e kolizje mia\u0142y miejsce m.in. w Nowych Skalmierzycach, Chojniku, Sieroszewicach, Przybys\u0142awicach.<\/p>\n<div id='gallery-1' class='gallery galleryid-13613 gallery-columns-3 gallery-size-thumbnail'><figure class='gallery-item'>\n\t\t\t<div class='gallery-icon landscape'>\n\t\t\t\t<a href='https:\/\/ostrowskatv.pl\/?attachment_id=13612'><img loading=\"lazy\" decoding=\"async\" width=\"150\" height=\"150\" src=\"https:\/\/ostrowskatv.pl\/wp-content\/uploads\/2020\/12\/IMG_20201203_123209-01-150x150.jpeg\" class=\"attachment-thumbnail size-thumbnail\" alt=\"\" \/><\/a>\n\t\t\t<\/div><\/figure><figure class='gallery-item'>\n\t\t\t<div class='gallery-icon landscape'>\n\t\t\t\t<a href='https:\/\/ostrowskatv.pl\/?attachment_id=13611'><img loading=\"lazy\" decoding=\"async\" width=\"150\" height=\"150\" src=\"https:\/\/ostrowskatv.pl\/wp-content\/uploads\/2020\/12\/IMG_20201203_123249-01-150x150.jpeg\" class=\"attachment-thumbnail size-thumbnail\" alt=\"\" \/><\/a>\n\t\t\t<\/div><\/figure><figure class='gallery-item'>\n\t\t\t<div class='gallery-icon landscape'>\n\t\t\t\t<a href='https:\/\/ostrowskatv.pl\/?attachment_id=13610'><img loading=\"lazy\" decoding=\"async\" width=\"150\" height=\"150\" src=\"https:\/\/ostrowskatv.pl\/wp-content\/uploads\/2020\/12\/IMG_20201203_124158-01-150x150.jpeg\" class=\"attachment-thumbnail size-thumbnail\" alt=\"\" \/><\/a>\n\t\t\t<\/div><\/figure>\n\t\t<\/div>\n\n<p><iframe loading=\"lazy\" width=\"560\" height=\"315\" src=\"https:\/\/www.youtube.com\/embed\/qvVeqndbw68\" frameborder=\"0\" allow=\"accelerometer; autoplay; clipboard-write; encrypted-media; gyroscope; picture-in-picture\" allowfullscreen><\/iframe><\/p>\n","protected":false},"excerpt":{"rendered":"W ci\u0105gu kilkudziesi\u0119ciu minut dosz\u0142o do oko\u0142o 10 kolizji na terenie powiatu ostrowskiego. Po\u015bredni\u0105 przyczyn\u0105 by\u0142 zalegaj\u0105cy \u015bnieg na wielu drogach. Niestety jeszcze \n<a class=\"moretag\" href=\"https:\/\/ostrowskatv.pl\/?p=13613\"> [...]<\/a>","protected":false},"author":1,"featured_media":13611,"comment_status":"open","ping_status":"closed","sticky":false,"template":"","format":"standard","meta":{"footnotes":""},"categories":[1],"tags":[2],"class_list":["post-13613","post","type-post","status-publish","format-standard","has-post-thumbnail","hentry","category-news","tag-ostrow-wielkopolski"],"_links":{"self":[{"href":"https:\/\/ostrowskatv.pl\/index.php?rest_route=\/wp\/v2\/posts\/13613","targetHints":{"allow":["GET"]}}],"collection":[{"href":"https:\/\/ostrowskatv.pl\/index.php?rest_route=\/wp\/v2\/posts"}],"about":[{"href":"https:\/\/ostrowskatv.pl\/index.php?rest_route=\/wp\/v2\/types\/post"}],"author":[{"embeddable":true,"href":"https:\/\/ostrowskatv.pl\/index.php?rest_route=\/wp\/v2\/users\/1"}],"replies":[{"embeddable":true,"href":"https:\/\/ostrowskatv.pl\/index.php?rest_route=%2Fwp%2Fv2%2Fcomments&post=13613"}],"version-history":[{"count":0,"href":"https:\/\/ostrowskatv.pl\/index.php?rest_route=\/wp\/v2\/posts\/13613\/revisions"}],"wp:featuredmedia":[{"embeddable":true,"href":"https:\/\/ostrowskatv.pl\/index.php?rest_route=\/wp\/v2\/media\/13611"}],"wp:attachment":[{"href":"https:\/\/ostrowskatv.pl\/index.php?rest_route=%2Fwp%2Fv2%2Fmedia&parent=13613"}],"wp:term":[{"taxonomy":"category","embeddable":true,"href":"https:\/\/ostrowskatv.pl\/index.php?rest_route=%2Fwp%2Fv2%2Fcategories&post=13613"},{"taxonomy":"post_tag","embeddable":true,"href":"https:\/\/ostrowskatv.pl\/index.php?rest_route=%2Fwp%2Fv2%2Ftags&post=13613"}],"curies":[{"name":"wp","href":"https:\/\/api.w.org\/{rel}","templated":true}]}}