{"id":13599,"date":"2020-12-03T08:15:08","date_gmt":"2020-12-03T07:15:08","guid":{"rendered":"http:\/\/ostrowska.tv\/?p=13599"},"modified":"2020-12-03T10:30:03","modified_gmt":"2020-12-03T09:30:03","slug":"policjant-zastrzelil-sie-na-komendzie","status":"publish","type":"post","link":"https:\/\/ostrowskatv.pl\/?p=13599","title":{"rendered":"Zastrzelony policjant na komendzie (aktualizacja 2)"},"content":{"rendered":"<p><strong>W \u015brod\u0119 wieczorem dosz\u0142o do tragicznej \u015bmierci na terenie komendy policji w Ostrowie Wielkopolskim. Funkcjonariusz Tomasz O. pracowa\u0142 w Wydziale ds. Walki z Przest\u0119pczo\u015bci\u0105 Gospodarcz\u0105. Zosta\u0142 odnaleziony martwy z ran\u0105 postrza\u0142ow\u0105.<\/strong><\/p>\n<p>Wczoraj po godzinie 19:00 na terenie komendy, w jednym z pomieszcze\u0144 s\u0142u\u017cbowych zosta\u0142y znalezione zw\u0142oki jednego z funkcjonariuszy, z ran\u0105 postrza\u0142ow\u0105 g\u0142owy.<\/p>\n<p>&#8211; Nasz kolega mia\u0142 kilkunastoletni sta\u017c pracy. By\u0142 wyr\u00f3\u017cniaj\u0105cym si\u0119 i zaanga\u017cowanym w prac\u0119 policjantem. W\u015br\u00f3d koleg\u00f3w i prze\u0142o\u017conych cieszy\u0142 si\u0119 bardzo dobr\u0105 opini\u0105. Da\u0142 si\u0119 pozna\u0107 jako odpowiedzialny i sumienny policjant.<\/p>\n<p>Wst\u0119pne ustalenia wskazuj\u0105 na samob\u00f3jstwo, kt\u00f3rego przyczyn\u0105 mog\u0142y by\u0107 sprawy osobiste.<\/p>\n<p>Szczeg\u00f3\u0142owe okoliczno\u015bci tej tragedii badane s\u0105 przez prokurator\u00f3w i zesp\u00f3\u0142 policjant\u00f3w, kt\u00f3rzy oddelegowani s\u0105 do tej sprawy. &#8211; informuje rzecznik prasowy Ma\u0142gorzata \u0141usiak.<\/p>\n<p>Policjant mia\u0142 43 lata.<\/p>\n","protected":false},"excerpt":{"rendered":"W \u015brod\u0119 wieczorem dosz\u0142o do tragicznej \u015bmierci na terenie komendy policji w Ostrowie Wielkopolskim. Funkcjonariusz Tomasz O. pracowa\u0142 w Wydziale ds. Walki z \n<a class=\"moretag\" href=\"https:\/\/ostrowskatv.pl\/?p=13599\"> [...]<\/a>","protected":false},"author":1,"featured_media":5659,"comment_status":"open","ping_status":"closed","sticky":false,"template":"","format":"standard","meta":{"footnotes":""},"categories":[1],"tags":[2],"class_list":["post-13599","post","type-post","status-publish","format-standard","has-post-thumbnail","hentry","category-news","tag-ostrow-wielkopolski"],"_links":{"self":[{"href":"https:\/\/ostrowskatv.pl\/index.php?rest_route=\/wp\/v2\/posts\/13599","targetHints":{"allow":["GET"]}}],"collection":[{"href":"https:\/\/ostrowskatv.pl\/index.php?rest_route=\/wp\/v2\/posts"}],"about":[{"href":"https:\/\/ostrowskatv.pl\/index.php?rest_route=\/wp\/v2\/types\/post"}],"author":[{"embeddable":true,"href":"https:\/\/ostrowskatv.pl\/index.php?rest_route=\/wp\/v2\/users\/1"}],"replies":[{"embeddable":true,"href":"https:\/\/ostrowskatv.pl\/index.php?rest_route=%2Fwp%2Fv2%2Fcomments&post=13599"}],"version-history":[{"count":0,"href":"https:\/\/ostrowskatv.pl\/index.php?rest_route=\/wp\/v2\/posts\/13599\/revisions"}],"wp:featuredmedia":[{"embeddable":true,"href":"https:\/\/ostrowskatv.pl\/index.php?rest_route=\/wp\/v2\/media\/5659"}],"wp:attachment":[{"href":"https:\/\/ostrowskatv.pl\/index.php?rest_route=%2Fwp%2Fv2%2Fmedia&parent=13599"}],"wp:term":[{"taxonomy":"category","embeddable":true,"href":"https:\/\/ostrowskatv.pl\/index.php?rest_route=%2Fwp%2Fv2%2Fcategories&post=13599"},{"taxonomy":"post_tag","embeddable":true,"href":"https:\/\/ostrowskatv.pl\/index.php?rest_route=%2Fwp%2Fv2%2Ftags&post=13599"}],"curies":[{"name":"wp","href":"https:\/\/api.w.org\/{rel}","templated":true}]}}