{"id":13580,"date":"2020-11-28T10:59:35","date_gmt":"2020-11-28T09:59:35","guid":{"rendered":"http:\/\/ostrowska.tv\/?p=13580"},"modified":"2020-11-28T11:05:17","modified_gmt":"2020-11-28T10:05:17","slug":"wycieto-piekna-olbrzymia-wierzbe-mieszkancy-sa-oburzeni","status":"publish","type":"post","link":"https:\/\/ostrowskatv.pl\/?p=13580","title":{"rendered":"Wyci\u0119to pi\u0119kn\u0105, olbrzymi\u0105 wierzb\u0119. Mieszka\u0144cy s\u0105 oburzeni"},"content":{"rendered":"<p><strong>W Odolanowie \u015bci\u0119to pi\u0119kn\u0105 wierzb\u0119, kt\u00f3ra ros\u0142a od kilkuset lat w samym centrum tego urokliwego miasta. Decyzja natychmiast oburzy\u0142a mieszka\u0144c\u00f3w w mediach spo\u0142eczno\u015bciowych. &#8222;No chyba kto\u015b kompletnie oszala\u0142! To by\u0142o bardzo klimatyczne i urokliwe miejsce, a teraz?&#8221; &#8211; to jedna z wielu podobnych opinii.<\/strong><\/p>\n<p>Burmistrz miasta i gminy Odolan\u00f3w Marian Janicki m\u00f3wi wprost: wierz zagra\u017ca\u0142a bezpiecze\u0144stwu mieszka\u0144c\u00f3w. <strong>Zagra\u017ca\u0142a bezpiecze\u0144stwu mieszka\u0144c\u00f3w Odolanowa.<\/strong> W\u0142adze gminy zanim podj\u0119\u0142y decyzj\u0119, zwr\u00f3ci\u0142y si\u0119 o opini\u0119 dendrologiczn\u0105. Wynika\u0142o z niej, \u017ce drzewa z racji wieku i wielko\u015bci mo\u017ce ulec uszkodzeniu i tym samym przyczyni\u0107 si\u0119 do wypadku z udzia\u0142em mieszka\u0144c\u00f3w. Marian Janicki t\u0142umaczy\u0142, \u017ce wierzba by\u0142a wielka, mia\u0142a sporo li\u015bci i przez to by\u0142a podatna na gwa\u0142towne podmuchy wiatru. Janicki przekonuje, \u017ce gdyby dosz\u0142o do wypadku, wtedy on jako osoba decyzyjna odpowiada\u0142by przed prokuratorem za skutki wypadku.<\/p>\n<p>Pierwotnie Wojew\u00f3dzki Konserwator Zabytk\u00f3w nie chcia\u0142 uzna\u0107 opinii dendrologicznej. Gmina Odolan\u00f3w posz\u0142a do S\u0105du i ostatecznie uznano racj\u0119 w\u0142adz gminy Odolanowa.<\/p>\n<blockquote><p>Ca\u0142a historia m\u0142odo\u015bci zakl\u0119ta by\u0142a w tym drzewie&#8230;..Zamkowa,wyjazdy na dyskoteki do Garnek czy Granowca,niejednego browara si\u0119 pod wierzb\u0105 wypi\u0142o&#8230;szkoda \u017ce zniszczono ten pomnik przyrody&#8230;&#8230; &#8211; napisa\u0142 kolejny z internaut\u00f3w.<\/p><\/blockquote>\n","protected":false},"excerpt":{"rendered":"W Odolanowie \u015bci\u0119to pi\u0119kn\u0105 wierzb\u0119, kt\u00f3ra ros\u0142a od kilkuset lat w samym centrum tego urokliwego miasta. Decyzja natychmiast oburzy\u0142a mieszka\u0144c\u00f3w w mediach spo\u0142eczno\u015bciowych. \n<a class=\"moretag\" href=\"https:\/\/ostrowskatv.pl\/?p=13580\"> [...]<\/a>","protected":false},"author":1,"featured_media":13581,"comment_status":"open","ping_status":"closed","sticky":false,"template":"","format":"standard","meta":{"footnotes":""},"categories":[1],"tags":[38],"class_list":["post-13580","post","type-post","status-publish","format-standard","has-post-thumbnail","hentry","category-news","tag-odolanow"],"_links":{"self":[{"href":"https:\/\/ostrowskatv.pl\/index.php?rest_route=\/wp\/v2\/posts\/13580","targetHints":{"allow":["GET"]}}],"collection":[{"href":"https:\/\/ostrowskatv.pl\/index.php?rest_route=\/wp\/v2\/posts"}],"about":[{"href":"https:\/\/ostrowskatv.pl\/index.php?rest_route=\/wp\/v2\/types\/post"}],"author":[{"embeddable":true,"href":"https:\/\/ostrowskatv.pl\/index.php?rest_route=\/wp\/v2\/users\/1"}],"replies":[{"embeddable":true,"href":"https:\/\/ostrowskatv.pl\/index.php?rest_route=%2Fwp%2Fv2%2Fcomments&post=13580"}],"version-history":[{"count":0,"href":"https:\/\/ostrowskatv.pl\/index.php?rest_route=\/wp\/v2\/posts\/13580\/revisions"}],"wp:featuredmedia":[{"embeddable":true,"href":"https:\/\/ostrowskatv.pl\/index.php?rest_route=\/wp\/v2\/media\/13581"}],"wp:attachment":[{"href":"https:\/\/ostrowskatv.pl\/index.php?rest_route=%2Fwp%2Fv2%2Fmedia&parent=13580"}],"wp:term":[{"taxonomy":"category","embeddable":true,"href":"https:\/\/ostrowskatv.pl\/index.php?rest_route=%2Fwp%2Fv2%2Fcategories&post=13580"},{"taxonomy":"post_tag","embeddable":true,"href":"https:\/\/ostrowskatv.pl\/index.php?rest_route=%2Fwp%2Fv2%2Ftags&post=13580"}],"curies":[{"name":"wp","href":"https:\/\/api.w.org\/{rel}","templated":true}]}}