{"id":1355,"date":"2016-05-11T14:02:02","date_gmt":"2016-05-11T13:02:02","guid":{"rendered":"http:\/\/ostrowska.tv\/?p=1355"},"modified":"2016-05-11T14:02:02","modified_gmt":"2016-05-11T13:02:02","slug":"ostrow-przeciwko-pis-senator-krytykuje-radnych","status":"publish","type":"post","link":"https:\/\/ostrowskatv.pl\/?p=1355","title":{"rendered":"Ostr\u00f3w przeciwko PiS. Senator krytykuje radnych"},"content":{"rendered":"<p><strong>Radni Ostrowa Wielkopolskiego przyj\u0119li uchwa\u0142\u0119, \u017ce b\u0119d\u0105 stosowa\u0107 si\u0119 do orzecze\u0144 Trybuna\u0142u Konstytucyjnego, tak\u017ce tych, kt\u00f3re nie zostan\u0105 opublikowane. Ich dzia\u0142anie krytykuje senator \u0141ukasz Miko\u0142ajczyk.<\/strong><\/p>\n<blockquote><p>&#8211; Radzi\u0142bym radnym Platformy, \u017ceby zaj\u0119li si\u0119 sprawami lokalnymi w Ostrowie i pracowali dla dobra mieszka\u0144c\u00f3w. Przypomn\u0119, \u017ce zostali wybrani w okr\u0119gach jednomandatowych. Wyborcy z pewno\u015bci\u0105 ich wkr\u00f3tce rozlicz\u0105, wi\u0119c warto skupi\u0107 si\u0119 na tym, co mo\u017cna zrobi\u0107 dla miasta, zamiast trwoni\u0107 energi\u0119 na dzia\u0142ania, kt\u00f3re nie maj\u0105 z tym nic wsp\u00f3lnego &#8211;\u00a0 przekonuje \u0141ukasz Miko\u0142ajczyk.<\/p><\/blockquote>\n<p>Senator Prawa i Sprawiedliwo\u015bci uwa\u017ca, \u017ce dzia\u0142ania ostrowskich radnych powoduj\u0105 niepotrzebne zamieszanie.<\/p>\n<blockquote><p>&#8211; To, co zrobi\u0142a Rada Miejska Ostrowa Wielkopolskiego, wpisuje si\u0119 w realizacj\u0119 dziwnej og\u00f3lnopolskiej polityki prowadzonej przez partie opozycyjne. Cel jest jeden \u2013 wyniesienie sporu na grunt samorz\u0105dowy. Uwa\u017cam, \u017ce takie dzia\u0142ania nie s\u0142u\u017c\u0105 rozwi\u0105zywaniu problem\u00f3w spo\u0142eczno\u015bci lokalnych. Kwesti\u0105 bezsporn\u0105 jest r\u00f3wnie\u017c to, \u017ce takie kwestie nie le\u017c\u0105 w kompetencjach Rady Miejskiej. To wszystko powoduje tylko zamieszanie w zakresie stanowienia i stosowania prawa. Dodam r\u00f3wnie\u017c, \u017ce orzeczenie Trybuna\u0142u Konstytucyjnego wchodzi w \u017cycie z dniem og\u0142oszenia. Tak stanowi konstytucja. Skoro nie jest opublikowane, to nie ma go w obowi\u0105zuj\u0105cym obrocie prawnym &#8211; t\u0142umaczy Miko\u0142ajczyk.<\/p><\/blockquote>\n<p>Politycy PiS twierdz\u0105, \u017ce sp\u00f3r wok\u00f3\u0142 Trybuna\u0142u mo\u017cna rozwi\u0105za\u0107 z opozycj\u0105 i bez wynoszenia go zagranic\u0119 oraz lokalnie do samorz\u0105d\u00f3w.<\/p>\n<blockquote><p>&#8211; Platforma i Nowoczesna go podgrzewaj\u0105, bo walcz\u0105 o to, kt\u00f3re z tych ugrupowa\u0144 stanie na czele opozycji. Nam chodzi o konkretne, publiczne sprawy, a oni okopali si\u0119 wok\u00f3\u0142 Trybuna\u0142u. Zale\u017cy im na interesie partyjnym, pewnej grupy kole\u017ce\u0144skiej. Zaproponujemy konkretne rozwi\u0105zania legislacyjne, \u017ceby uspokoi\u0107 sp\u00f3r \u2013 zapewnia Miko\u0142ajczyk.<\/p><\/blockquote>\n<p>Senator PiS dodaje r\u00f3wnie\u017c, \u017ce takie uchwa\u0142y jak ta &#8222;ostrowska&#8221; nie maj\u0105 \u017cadnych negatywnych konsekwencji dla rz\u0105dz\u0105cych.<\/p>\n<blockquote><p>&#8211; Ciekawe jest r\u00f3wnie\u017c to, \u017ce w dzia\u0142aniach ludzi Platformy nie ma jedno\u015bci i sp\u00f3jno\u015bci. Na forum miasto podj\u0119to uchwa\u0142\u0119, a na poziomie sejmiku dzia\u0142acze tego samego ugrupowania nie chcieli podnosi\u0107 pewnych temat\u00f3w o znaczeniu og\u00f3lnopolskim, twierdz\u0105c \u017ce nie nale\u017cy wci\u0105ga\u0107 sejmiku w takie spory polityczne \u2013 twierdzi \u0141ukasz Miko\u0142ajczyk.<\/p><\/blockquote>\n<p>Senator zwraca r\u00f3wnie\u017c uwag\u0119, \u017ce ci\u0105gle trwa og\u00f3lnopolska dyskusja dotycz\u0105ca zamachu na demokracj\u0119 w kontek\u015bcie Trybuna\u0142u Konstytucyjnego, a inne kwestie s\u0105 konsekwentnie pomijane przez og\u00f3lnopolskie media.<\/p>\n<blockquote><p>&#8211; O zamachu na demokracj\u0119 i wolno\u015b\u0107 s\u0142owa wypowiada\u0142em si\u0119 ju\u017c w kontek\u015bcie marszu KOD-u. Moim zdaniem widoczny by\u0142 on jednak przede wszystkim na ta\u015bmach Kulczyk \u2013 Gra\u015b, kiedy ustalono wymian\u0119 szefa gazety, bo ta krytykowa\u0142a rz\u0105d \u2013 dodaje na zako\u0144czenie Miko\u0142ajczyk.<\/p><\/blockquote>\n<p>Czy zgadzaj\u0105 si\u0119 Pa\u0144stwo z opini\u0105 senatora? <strong>Zach\u0119camy do dyskusji w komentarzach<\/strong><\/p>\n","protected":false},"excerpt":{"rendered":"Radni Ostrowa Wielkopolskiego przyj\u0119li uchwa\u0142\u0119, \u017ce b\u0119d\u0105 stosowa\u0107 si\u0119 do orzecze\u0144 Trybuna\u0142u Konstytucyjnego, tak\u017ce tych, kt\u00f3re nie zostan\u0105 opublikowane. Ich dzia\u0142anie krytykuje senator \n<a class=\"moretag\" href=\"https:\/\/ostrowskatv.pl\/?p=1355\"> [...]<\/a>","protected":false},"author":1,"featured_media":1356,"comment_status":"open","ping_status":"open","sticky":false,"template":"","format":"standard","meta":{"footnotes":""},"categories":[1],"tags":[2],"class_list":["post-1355","post","type-post","status-publish","format-standard","has-post-thumbnail","hentry","category-news","tag-ostrow-wielkopolski"],"_links":{"self":[{"href":"https:\/\/ostrowskatv.pl\/index.php?rest_route=\/wp\/v2\/posts\/1355","targetHints":{"allow":["GET"]}}],"collection":[{"href":"https:\/\/ostrowskatv.pl\/index.php?rest_route=\/wp\/v2\/posts"}],"about":[{"href":"https:\/\/ostrowskatv.pl\/index.php?rest_route=\/wp\/v2\/types\/post"}],"author":[{"embeddable":true,"href":"https:\/\/ostrowskatv.pl\/index.php?rest_route=\/wp\/v2\/users\/1"}],"replies":[{"embeddable":true,"href":"https:\/\/ostrowskatv.pl\/index.php?rest_route=%2Fwp%2Fv2%2Fcomments&post=1355"}],"version-history":[{"count":0,"href":"https:\/\/ostrowskatv.pl\/index.php?rest_route=\/wp\/v2\/posts\/1355\/revisions"}],"wp:featuredmedia":[{"embeddable":true,"href":"https:\/\/ostrowskatv.pl\/index.php?rest_route=\/wp\/v2\/media\/1356"}],"wp:attachment":[{"href":"https:\/\/ostrowskatv.pl\/index.php?rest_route=%2Fwp%2Fv2%2Fmedia&parent=1355"}],"wp:term":[{"taxonomy":"category","embeddable":true,"href":"https:\/\/ostrowskatv.pl\/index.php?rest_route=%2Fwp%2Fv2%2Fcategories&post=1355"},{"taxonomy":"post_tag","embeddable":true,"href":"https:\/\/ostrowskatv.pl\/index.php?rest_route=%2Fwp%2Fv2%2Ftags&post=1355"}],"curies":[{"name":"wp","href":"https:\/\/api.w.org\/{rel}","templated":true}]}}