{"id":13389,"date":"2020-11-03T10:07:56","date_gmt":"2020-11-03T09:07:56","guid":{"rendered":"http:\/\/ostrowska.tv\/?p=13389"},"modified":"2020-11-03T10:13:39","modified_gmt":"2020-11-03T09:13:39","slug":"kolizja-na-rondzie-bankowym-mercedesem-nie-zdazyl-zahamowac","status":"publish","type":"post","link":"https:\/\/ostrowskatv.pl\/?p=13389","title":{"rendered":"Kolizja na rondzie bankowym. Mercedesem nie zd\u0105\u017cy\u0142 zahamowa\u0107"},"content":{"rendered":"<p><strong>1 listopada 2020 r. dosz\u0142o do kolejnej kolizji na Rondzie Bankowym. Tym razem kierowca Mercedesa nie zd\u0105\u017cy\u0142 zahamowa\u0107 przed wyje\u017cd\u017caj\u0105cym mu z ulicy G\u0142ogowskiej samochodem marki Skoda. Chocia\u017c Mercedes by\u0142 w kolorze bia\u0142ym i by\u0142 o\u015bwietlony, z nieznanego powodu kierowca Skody go nie zauwa\u017cy\u0142 i wjecha\u0142 na rondo.<\/strong><\/p>\n<p><iframe loading=\"lazy\" title=\"Kolizja na rondzie bankowym - 1 listopada 2020\" width=\"747\" height=\"420\" src=\"https:\/\/www.youtube.com\/embed\/ylFf0T5t9zw?feature=oembed\" frameborder=\"0\" allow=\"accelerometer; autoplay; clipboard-write; encrypted-media; gyroscope; picture-in-picture; web-share\" referrerpolicy=\"strict-origin-when-cross-origin\" allowfullscreen><\/iframe><\/p>\n<p>Dzie\u0144 wcze\u015bniej zderzy\u0142y si\u0119 inne auta w znanym wszystkim scenariuszu<\/p>\n<p><iframe loading=\"lazy\" title=\"Kolizja na Rondzie Bankowym 31 pa\u017adziernika 2020\" width=\"747\" height=\"420\" src=\"https:\/\/www.youtube.com\/embed\/1LQytG7NaQM?feature=oembed\" frameborder=\"0\" allow=\"accelerometer; autoplay; clipboard-write; encrypted-media; gyroscope; picture-in-picture; web-share\" referrerpolicy=\"strict-origin-when-cross-origin\" allowfullscreen><\/iframe><\/p>\n","protected":false},"excerpt":{"rendered":"1 listopada 2020 r. dosz\u0142o do kolejnej kolizji na Rondzie Bankowym. Tym razem kierowca Mercedesa nie zd\u0105\u017cy\u0142 zahamowa\u0107 przed wyje\u017cd\u017caj\u0105cym mu z ulicy \n<a class=\"moretag\" href=\"https:\/\/ostrowskatv.pl\/?p=13389\"> [...]<\/a>","protected":false},"author":1,"featured_media":13390,"comment_status":"open","ping_status":"closed","sticky":false,"template":"","format":"standard","meta":{"footnotes":""},"categories":[1],"tags":[2],"class_list":["post-13389","post","type-post","status-publish","format-standard","has-post-thumbnail","hentry","category-news","tag-ostrow-wielkopolski"],"_links":{"self":[{"href":"https:\/\/ostrowskatv.pl\/index.php?rest_route=\/wp\/v2\/posts\/13389","targetHints":{"allow":["GET"]}}],"collection":[{"href":"https:\/\/ostrowskatv.pl\/index.php?rest_route=\/wp\/v2\/posts"}],"about":[{"href":"https:\/\/ostrowskatv.pl\/index.php?rest_route=\/wp\/v2\/types\/post"}],"author":[{"embeddable":true,"href":"https:\/\/ostrowskatv.pl\/index.php?rest_route=\/wp\/v2\/users\/1"}],"replies":[{"embeddable":true,"href":"https:\/\/ostrowskatv.pl\/index.php?rest_route=%2Fwp%2Fv2%2Fcomments&post=13389"}],"version-history":[{"count":0,"href":"https:\/\/ostrowskatv.pl\/index.php?rest_route=\/wp\/v2\/posts\/13389\/revisions"}],"wp:featuredmedia":[{"embeddable":true,"href":"https:\/\/ostrowskatv.pl\/index.php?rest_route=\/wp\/v2\/media\/13390"}],"wp:attachment":[{"href":"https:\/\/ostrowskatv.pl\/index.php?rest_route=%2Fwp%2Fv2%2Fmedia&parent=13389"}],"wp:term":[{"taxonomy":"category","embeddable":true,"href":"https:\/\/ostrowskatv.pl\/index.php?rest_route=%2Fwp%2Fv2%2Fcategories&post=13389"},{"taxonomy":"post_tag","embeddable":true,"href":"https:\/\/ostrowskatv.pl\/index.php?rest_route=%2Fwp%2Fv2%2Ftags&post=13389"}],"curies":[{"name":"wp","href":"https:\/\/api.w.org\/{rel}","templated":true}]}}